{"id":22152,"date":"2024-08-23T11:40:41","date_gmt":"2024-08-23T11:40:41","guid":{"rendered":"https:\/\/www.lodelmomentoloja.com\/?p=22152"},"modified":"2024-08-23T16:42:49","modified_gmt":"2024-08-23T16:42:49","slug":"ciclista-tricolor-critica-el-poco-apoyo-del-gobierno-nacional","status":"publish","type":"post","link":"https:\/\/www.lodelmomentoloja.com\/?p=22152","title":{"rendered":"Ciclista tricolor critica el poco apoyo del Gobierno Nacional"},"content":{"rendered":"<div style=\"width: 640px;\" class=\"wp-video\"><!--[if lt IE 9]><script>document.createElement('video');<\/script><![endif]-->\n<video class=\"wp-video-shortcode\" id=\"video-22152-1\" width=\"640\" height=\"360\" preload=\"metadata\" controls=\"controls\"><source type=\"video\/mp4\" src=\"http:\/\/www.lodelmomentoloja.com\/wp-content\/uploads\/2024\/08\/CICLISTA-ESTHER-GALARZA-REDUCIDO.mp4?_=1\" \/><a href=\"http:\/\/www.lodelmomentoloja.com\/wp-content\/uploads\/2024\/08\/CICLISTA-ESTHER-GALARZA-REDUCIDO.mp4\">http:\/\/www.lodelmomentoloja.com\/wp-content\/uploads\/2024\/08\/CICLISTA-ESTHER-GALARZA-REDUCIDO.mp4<\/a><\/video><\/div>\n<p>\ud83d\ude31\ud83d\udeb5\ud83c\udffb\u200d\u2640\ufe0f\ud83d\ude24 \u00a1Brillan por su ausencia! La ciclista ecuatoriana Esther Galarza tom\u00f3 el liderato de la Vuelta a Colombia Femenina 2024 tras ganar la tercera etapa, una fracci\u00f3n de 108,4km entre Barranquilla y Minca Pozo Azul que complet\u00f3 en 3 horas y 11 minutos.<\/p>\n<p>Con esta victoria, Galarza le arrebat\u00f3 la punta a la colombiana Diana Carolina Pe\u00f1uela y super\u00f3 en la meta a Estefan\u00eda Herrera y a la campeona de la edici\u00f3n pasada, la venezolana Lilibeth Chac\u00f3n, por 16 segundos.<\/p>\n<p>Sin embargo, aunque su triunfo representa grandes momentos para el deporte ecuatoriano lo cierto es que la ciclista, se volvi\u00f3 tendencia en redes sociales por sus duras cr\u00edticas al Gobierno ecuatoriano, debido al escaso o nulo respaldo que brindan las autoridades a los atletas.<\/p>\n<p>Sus l\u00e1grimas fueron el reflejo de la frustraci\u00f3n que sent\u00eda por la mala organizaci\u00f3n que existe dentro de las instituciones deportivas en el pa\u00eds quienes, a su criterio, pretenden adjudicarse los logros de los atletas exponiendo, nuevamente, a la Federaci\u00f3n de Ciclismo.<\/p>\n<p>Conmocionada, Galarza expres\u00f3 que los ciclistas ecuatorianos se hacen camino por cuenta propia, ya que muchos de ellos se han visto en la obligaci\u00f3n de salir de su tierra natal con el fin de conseguir una oportunidad.<\/p>\n<p>Con sus declaraciones, las criticas a las instituciones deportivas se intensificaron en las \u00faltimas horas, sin embargo, hasta el cierre de este reporte, no hay un pronunciamiento oficial por parte de los organismos implicados. Mientras tanto, la competencia contin\u00faa y, en la clasificaci\u00f3n general de la Vuelta a Colombia, Esther Galarza mantiene una ventaja de cuatro segundos con relaci\u00f3n a su rival directa, Estefan\u00eda Herrera. Este viernes se desarrollar\u00e1 la cuarta etapa, desde Ci\u00e9naga hasta Bosconia en un recorrido de 134 km y, el s\u00e1bado 24 la carrera ser\u00e1 en Valledupar con destino a Pueblo Nuevo donde se correr\u00e1n 121,2 km.<\/p>\n<p>\ud83d\udcf2\u25b6\ufe0f Ver video completo en Youtube: https:\/\/youtu.be\/P5oJiI6MJoQ<\/p>\n<p>\ud83c\udf10\ud83d\udc49 S\u00edguenos en nuestra p\u00e1gina web: www.lodelmomentoloja.com<\/p>\n","protected":false},"excerpt":{"rendered":"<p>\ud83d\ude31\ud83d\udeb5\ud83c\udffb\u200d\u2640\ufe0f\ud83d\ude24 \u00a1Brillan por su ausencia! La ciclista ecuatoriana Esther Galarza tom\u00f3 el liderato de la&#8230;<\/p>\n","protected":false},"author":1,"featured_media":22154,"comment_status":"open","ping_status":"open","sticky":false,"template":"","format":"standard","meta":{"footnotes":""},"categories":[7,1,4],"tags":[],"class_list":["post-22152","post","type-post","status-publish","format-standard","has-post-thumbnail","hentry","category-ecuador","category-inicio","category-internacional"],"_links":{"self":[{"href":"https:\/\/www.lodelmomentoloja.com\/index.php?rest_route=\/wp\/v2\/posts\/22152"}],"collection":[{"href":"https:\/\/www.lodelmomentoloja.com\/index.php?rest_route=\/wp\/v2\/posts"}],"about":[{"href":"https:\/\/www.lodelmomentoloja.com\/index.php?rest_route=\/wp\/v2\/types\/post"}],"author":[{"embeddable":true,"href":"https:\/\/www.lodelmomentoloja.com\/index.php?rest_route=\/wp\/v2\/users\/1"}],"replies":[{"embeddable":true,"href":"https:\/\/www.lodelmomentoloja.com\/index.php?rest_route=%2Fwp%2Fv2%2Fcomments&post=22152"}],"version-history":[{"count":1,"href":"https:\/\/www.lodelmomentoloja.com\/index.php?rest_route=\/wp\/v2\/posts\/22152\/revisions"}],"predecessor-version":[{"id":22155,"href":"https:\/\/www.lodelmomentoloja.com\/index.php?rest_route=\/wp\/v2\/posts\/22152\/revisions\/22155"}],"wp:featuredmedia":[{"embeddable":true,"href":"https:\/\/www.lodelmomentoloja.com\/index.php?rest_route=\/wp\/v2\/media\/22154"}],"wp:attachment":[{"href":"https:\/\/www.lodelmomentoloja.com\/index.php?rest_route=%2Fwp%2Fv2%2Fmedia&parent=22152"}],"wp:term":[{"taxonomy":"category","embeddable":true,"href":"https:\/\/www.lodelmomentoloja.com\/index.php?rest_route=%2Fwp%2Fv2%2Fcategories&post=22152"},{"taxonomy":"post_tag","embeddable":true,"href":"https:\/\/www.lodelmomentoloja.com\/index.php?rest_route=%2Fwp%2Fv2%2Ftags&post=22152"}],"curies":[{"name":"wp","href":"https:\/\/api.w.org\/{rel}","templated":true}]}}