{"id":22118,"date":"2024-08-22T08:47:29","date_gmt":"2024-08-22T08:47:29","guid":{"rendered":"https:\/\/www.lodelmomentoloja.com\/?p=22118"},"modified":"2024-08-22T14:10:58","modified_gmt":"2024-08-22T14:10:58","slug":"reinaldo-valarezo-garcia-realizara-el-lanzamiento-de-su-obra-titulada-loja-de-hoy-vol-1-y-vol-2","status":"publish","type":"post","link":"https:\/\/www.lodelmomentoloja.com\/?p=22118","title":{"rendered":"Reinaldo Valarezo Garc\u00eda realizar\u00e1 el lanzamiento de su obra titulada \u201cLoja de hoy\u201d Vol. 1 y Vol. 2"},"content":{"rendered":"<div style=\"width: 640px;\" class=\"wp-video\"><!--[if lt IE 9]><script>document.createElement('video');<\/script><![endif]-->\n<video class=\"wp-video-shortcode\" id=\"video-22118-1\" width=\"640\" height=\"360\" preload=\"metadata\" controls=\"controls\"><source type=\"video\/mp4\" src=\"http:\/\/www.lodelmomentoloja.com\/wp-content\/uploads\/2024\/08\/LIBRO-REDUCIDO.mp4?_=1\" \/><a href=\"http:\/\/www.lodelmomentoloja.com\/wp-content\/uploads\/2024\/08\/LIBRO-REDUCIDO.mp4\">http:\/\/www.lodelmomentoloja.com\/wp-content\/uploads\/2024\/08\/LIBRO-REDUCIDO.mp4<\/a><\/video><\/div>\n<p>\ud83d\udcaa\ud83d\udcd6\ud83e\udd13 \u00a1Loja contada en un libro! Tras una exhaustiva investigaci\u00f3n, el escritor Reinaldo Valarezo Garc\u00eda realizar\u00e1 el lanzamiento de su obra titulada \u201cLoja de hoy\u201d Vol. 1 y Vol. 2; aqu\u00ed se registran los datos y acontecimientos que ocurrieron desde los a\u00f1os 2000 al 2023. La ceremonia se llevar\u00e1 a cabo en la Casona Cultural este jueves 22 de agosto, a partir de las 19h00.<\/p>\n<p>Con m\u00e1s de 20 libros bajo su autor\u00eda, el libro \u201cLoja de hoy\u201d es la continuaci\u00f3n del trabajo anterior \u201cLoja de ayer\u201d, comprendida en los a\u00f1os 1950 al 2000. No obstante, la obra literaria m\u00e1s reciente se compone de 6 cap\u00edtulos en cada tomo.<\/p>\n<p>Con estos aportes a la literaria, Reinaldo Valarezo pretende demostrar que Loja contin\u00faa siendo la capital cultural del Ecuador, as\u00ed como tambi\u00e9n, dar muestra que la regi\u00f3n sur del pa\u00eds es y ser\u00e1 \u201cla tierra m\u00e1s bella de la tierra\u201d, tal como lo hab\u00eda expresado Benjam\u00edn Carri\u00f3n.<\/p>\n<p>Para quienes deseen enriqueciendo su conociendo sobre la historia de nuestra ciudad, los libros estar\u00e1n a la venta el d\u00eda del evento en las instalaciones de la Casona Cultural y, pr\u00f3ximamente, tambi\u00e9n estar\u00e1n disponibles en las diferentes librer\u00edas de la localidad.<\/p>\n<p>Valarezo menciona que, la propuesta literaria no culmina all\u00ed, puesto que tambi\u00e9n tiene en mente ofrecer un tercer tomo sobre el libro en cuesti\u00f3n. Pero su aporte, pretende dejar un legado para todos los lojanos, finalizando su aporte con el libro \u201cLoja del ma\u00f1ana\u201d, propuesta que mantiene en miras de sus proyecciones futuras y as\u00ed, mostrar al mundo la historia de nuestra bella ciudad.<\/p>\n<p>\ud83d\udcf2\u25b6\ufe0f Ver video completo en Youtube: https:\/\/youtu.be\/lEvcqI6xd-c<\/p>\n<p>\ud83c\udf10\ud83d\udc49 S\u00edguenos en nuestra p\u00e1gina web: www.lodelmomentoloja.com<\/p>\n","protected":false},"excerpt":{"rendered":"<p>\ud83d\udcaa\ud83d\udcd6\ud83e\udd13 \u00a1Loja contada en un libro! Tras una exhaustiva investigaci\u00f3n, el escritor Reinaldo Valarezo Garc\u00eda&#8230;<\/p>\n","protected":false},"author":1,"featured_media":22120,"comment_status":"open","ping_status":"open","sticky":false,"template":"","format":"standard","meta":{"footnotes":""},"categories":[7,1,5],"tags":[],"class_list":["post-22118","post","type-post","status-publish","format-standard","has-post-thumbnail","hentry","category-ecuador","category-inicio","category-loja"],"_links":{"self":[{"href":"https:\/\/www.lodelmomentoloja.com\/index.php?rest_route=\/wp\/v2\/posts\/22118"}],"collection":[{"href":"https:\/\/www.lodelmomentoloja.com\/index.php?rest_route=\/wp\/v2\/posts"}],"about":[{"href":"https:\/\/www.lodelmomentoloja.com\/index.php?rest_route=\/wp\/v2\/types\/post"}],"author":[{"embeddable":true,"href":"https:\/\/www.lodelmomentoloja.com\/index.php?rest_route=\/wp\/v2\/users\/1"}],"replies":[{"embeddable":true,"href":"https:\/\/www.lodelmomentoloja.com\/index.php?rest_route=%2Fwp%2Fv2%2Fcomments&post=22118"}],"version-history":[{"count":1,"href":"https:\/\/www.lodelmomentoloja.com\/index.php?rest_route=\/wp\/v2\/posts\/22118\/revisions"}],"predecessor-version":[{"id":22121,"href":"https:\/\/www.lodelmomentoloja.com\/index.php?rest_route=\/wp\/v2\/posts\/22118\/revisions\/22121"}],"wp:featuredmedia":[{"embeddable":true,"href":"https:\/\/www.lodelmomentoloja.com\/index.php?rest_route=\/wp\/v2\/media\/22120"}],"wp:attachment":[{"href":"https:\/\/www.lodelmomentoloja.com\/index.php?rest_route=%2Fwp%2Fv2%2Fmedia&parent=22118"}],"wp:term":[{"taxonomy":"category","embeddable":true,"href":"https:\/\/www.lodelmomentoloja.com\/index.php?rest_route=%2Fwp%2Fv2%2Fcategories&post=22118"},{"taxonomy":"post_tag","embeddable":true,"href":"https:\/\/www.lodelmomentoloja.com\/index.php?rest_route=%2Fwp%2Fv2%2Ftags&post=22118"}],"curies":[{"name":"wp","href":"https:\/\/api.w.org\/{rel}","templated":true}]}}