{"id":22100,"date":"2024-08-21T14:26:35","date_gmt":"2024-08-21T14:26:35","guid":{"rendered":"https:\/\/www.lodelmomentoloja.com\/?p=22100"},"modified":"2024-08-21T19:53:49","modified_gmt":"2024-08-21T19:53:49","slug":"msp-desmiente-que-existan-casos-de-viruela-del-mono-en-ecuador","status":"publish","type":"post","link":"https:\/\/www.lodelmomentoloja.com\/?p=22100","title":{"rendered":"MSP desmiente que existan casos de Viruela del Mono en Ecuador"},"content":{"rendered":"<div style=\"width: 640px;\" class=\"wp-video\"><!--[if lt IE 9]><script>document.createElement('video');<\/script><![endif]-->\n<video class=\"wp-video-shortcode\" id=\"video-22100-1\" width=\"640\" height=\"360\" preload=\"metadata\" controls=\"controls\"><source type=\"video\/mp4\" src=\"http:\/\/www.lodelmomentoloja.com\/wp-content\/uploads\/2024\/08\/CASOS-EN-ECUADOR-REDUCIDO.mp4?_=1\" \/><a href=\"http:\/\/www.lodelmomentoloja.com\/wp-content\/uploads\/2024\/08\/CASOS-EN-ECUADOR-REDUCIDO.mp4\">http:\/\/www.lodelmomentoloja.com\/wp-content\/uploads\/2024\/08\/CASOS-EN-ECUADOR-REDUCIDO.mp4<\/a><\/video><\/div>\n<p>\ud83d\udc12\ud83d\ude37\ud83d\udde3\ufe0f \u00bfViruela del mono en Ecuador? El Ministerio de Salud P\u00fablica (MSP) y la Federaci\u00f3n M\u00e9dica Ecuatoriana desmienten que, en Ecuador, de momento, se haya reportado un primer caso de mpox, la nueva variante de la viruela del mono y que fue declarada como emergencia sanitaria internacional por la Organizaci\u00f3n Mundial de la Salud (OMS) en d\u00edas pasados.<\/p>\n<p>Sin embargo, cabe mencionar que, en lo que va del 2024, en el pa\u00eds se identificaron 5 casos de posible viruela del mono, mismas que seg\u00fan el Ministerio de Salud, corresponder\u00edan a la cepa Monkeypox Clado II, es decir, la variante anterior, diagnosticados mediante la t\u00e9cnica de gPCR a trav\u00e9s de las pruebas realizadas por el Instituto Nacional de Investigaci\u00f3n en Salud P\u00fablica (INSPI).<\/p>\n<p>El \u00faltimo caso se tratar\u00eda de un ciudadano de nacionalidad ecuatoriana de 34 a\u00f1os de edad, identificado en la semana epidemiol\u00f3gica 33, comprendida del 11 al 17 de agosto, as\u00ed lo inform\u00f3 el MSP. \u201cEn primera instancia, el paciente requiri\u00f3 manejo hospitalario, pero actualmente cumple asilamiento domiciliario en condiciones estables, con seguimiento especializado\u201d, expres\u00f3 la cartera de Estado mediante un bolet\u00edn.<\/p>\n<p>En redes sociales se ha viralizado una fotograf\u00eda en la que se demostrar\u00eda que un paciente con este virus, acudi\u00f3 al Hospital del Guasmo en el sur de Guayaquil, \u201cNo corresponde a caso alguno registrado en el Guasmo en establecimiento de salud en el MSP\u201d, manifest\u00f3 una vocera de la instituci\u00f3n.<\/p>\n<p>Entre tanto, la Federaci\u00f3n M\u00e9dica Ecuatoriana, inform\u00f3 a la cadena Ecuavisa que, dicha fotograf\u00eda corresponder\u00eda a un paciente de 2022, a\u00f1o en el que Ecuador registr\u00f3 m\u00e1s de 400 casos del virus.<\/p>\n<p>La Federaci\u00f3n agreg\u00f3 que el \u00faltimo caso de viruela se identific\u00f3 en marzo de 2023, sin embargo, no hay fallecimientos por este padecimiento. Adem\u00e1s, las autoridades hicieron un llamado a la ciudadan\u00eda para mantenerse informados a trav\u00e9s de los canales oficiales de las instituciones de salud para evitar la propagaci\u00f3n de noticias falsas que puedan producir p\u00e1nico en la sociedad.<\/p>\n<p>\ud83d\udcf2\u25b6\ufe0f Ver video completo en Youtube: https:\/\/youtu.be\/_ZKaNbeURyk<\/p>\n<p>\ud83c\udf10\ud83d\udc49 S\u00edguenos en nuestra p\u00e1gina web: www.lodelmomentoloja.com<\/p>\n","protected":false},"excerpt":{"rendered":"<p>\ud83d\udc12\ud83d\ude37\ud83d\udde3\ufe0f \u00bfViruela del mono en Ecuador? El Ministerio de Salud P\u00fablica (MSP) y la Federaci\u00f3n&#8230;<\/p>\n","protected":false},"author":1,"featured_media":22102,"comment_status":"open","ping_status":"open","sticky":false,"template":"","format":"standard","meta":{"footnotes":""},"categories":[7,1],"tags":[],"class_list":["post-22100","post","type-post","status-publish","format-standard","has-post-thumbnail","hentry","category-ecuador","category-inicio"],"_links":{"self":[{"href":"https:\/\/www.lodelmomentoloja.com\/index.php?rest_route=\/wp\/v2\/posts\/22100"}],"collection":[{"href":"https:\/\/www.lodelmomentoloja.com\/index.php?rest_route=\/wp\/v2\/posts"}],"about":[{"href":"https:\/\/www.lodelmomentoloja.com\/index.php?rest_route=\/wp\/v2\/types\/post"}],"author":[{"embeddable":true,"href":"https:\/\/www.lodelmomentoloja.com\/index.php?rest_route=\/wp\/v2\/users\/1"}],"replies":[{"embeddable":true,"href":"https:\/\/www.lodelmomentoloja.com\/index.php?rest_route=%2Fwp%2Fv2%2Fcomments&post=22100"}],"version-history":[{"count":1,"href":"https:\/\/www.lodelmomentoloja.com\/index.php?rest_route=\/wp\/v2\/posts\/22100\/revisions"}],"predecessor-version":[{"id":22103,"href":"https:\/\/www.lodelmomentoloja.com\/index.php?rest_route=\/wp\/v2\/posts\/22100\/revisions\/22103"}],"wp:featuredmedia":[{"embeddable":true,"href":"https:\/\/www.lodelmomentoloja.com\/index.php?rest_route=\/wp\/v2\/media\/22102"}],"wp:attachment":[{"href":"https:\/\/www.lodelmomentoloja.com\/index.php?rest_route=%2Fwp%2Fv2%2Fmedia&parent=22100"}],"wp:term":[{"taxonomy":"category","embeddable":true,"href":"https:\/\/www.lodelmomentoloja.com\/index.php?rest_route=%2Fwp%2Fv2%2Fcategories&post=22100"},{"taxonomy":"post_tag","embeddable":true,"href":"https:\/\/www.lodelmomentoloja.com\/index.php?rest_route=%2Fwp%2Fv2%2Ftags&post=22100"}],"curies":[{"name":"wp","href":"https:\/\/api.w.org\/{rel}","templated":true}]}}