{"id":22090,"date":"2024-08-21T12:58:01","date_gmt":"2024-08-21T12:58:01","guid":{"rendered":"https:\/\/www.lodelmomentoloja.com\/?p=22090"},"modified":"2024-08-21T17:02:57","modified_gmt":"2024-08-21T17:02:57","slug":"bienvenida-reina-de-el-cisne-a-loja","status":"publish","type":"post","link":"https:\/\/www.lodelmomentoloja.com\/?p=22090","title":{"rendered":"Bienvenida Reina de El Cisne a Loja"},"content":{"rendered":"<div style=\"width: 640px;\" class=\"wp-video\"><!--[if lt IE 9]><script>document.createElement('video');<\/script><![endif]-->\n<video class=\"wp-video-shortcode\" id=\"video-22090-1\" width=\"640\" height=\"360\" preload=\"metadata\" controls=\"controls\"><source type=\"video\/mp4\" src=\"http:\/\/www.lodelmomentoloja.com\/wp-content\/uploads\/2024\/08\/VIRGEN-DEL-CISNE-REDUCIDO-1.mp4?_=1\" \/><a href=\"http:\/\/www.lodelmomentoloja.com\/wp-content\/uploads\/2024\/08\/VIRGEN-DEL-CISNE-REDUCIDO-1.mp4\">http:\/\/www.lodelmomentoloja.com\/wp-content\/uploads\/2024\/08\/VIRGEN-DEL-CISNE-REDUCIDO-1.mp4<\/a><\/video><\/div>\n<p>\ud83d\udc51\u271d\ufe0f\ud83d\ude4f \u00a1Bienvenida Reina de El Cisne! Este martes 20 de agosto, la Sagrada Imagen de la Virgen del Cisne hizo su entrada triunfal a la ciudad de Loja, acompa\u00f1a de los miles de feligreses que la escoltaron durante su tercer y \u00faltimo tramo que estuvo marcado de fe, devoci\u00f3n, cansancio y unas condiciones clim\u00e1ticas poco favorables, pero que no impidieron a los peregrinos cumplir sus promesas.<\/p>\n<p>Su \u00faltimo recorrido inici\u00f3 a partir de las 06h00 con la eucarist\u00eda de despedida en la iglesia del cant\u00f3n Catamayo para luego realizar su \u00faltimo trayecto. Su primera parada fue en la urna del Villonaco, lugar donde se oficializ\u00f3 la eucarist\u00eda a eso de las 11h00 de la ma\u00f1ana.<\/p>\n<p>Tras varias horas de camino, cerca de las 15h30 lleg\u00f3 al barri\u00f3 Bel\u00e9n; despu\u00e9s avanz\u00f3 hasta la Brigada de Infanter\u00eda donde fue recibida con honores militares como General\u00edsima de las Fuerzas Armadas para luego llevar a cabo la eucarist\u00eda. El recorrido continu\u00f3 por la Av. Gran Colombia hasta la Puerta de la Ciudad cerca de las 18h00, donde recibi\u00f3 una serenata por parte de la Direcci\u00f3n de Cultura del Municipio de Loja. Finalmente, luego de 14 horas de caminata aproximadamente, utilizando un vestido verde lleno de varios detalles en color azul, la Reina del Cisne hizo su arribo hasta la iglesia la Catedral cerca de las 20h00.<\/p>\n<p>All\u00ed, la Polic\u00eda Nacional entreg\u00f3 la custodia de \u201cLa Churonita\u201d al Obispo de la Di\u00f3cesis, Monse\u00f1or Walter Heras. La Portentosa Imagen ingres\u00f3 a La Catedral, en medio de fuegos pirot\u00e9cnicos, misma que fue decorada con m\u00e1s 6 mil rosas donadas por los devotos de diferentes partes del pa\u00eds y del mundo. Minutos m\u00e1s tarde, la Sagrada Imagen fue colocada en un majestuoso altar, donde se celebr\u00f3 la misa campal dirigida por Monse\u00f1or Andr\u00e9s Carrascosa; acto seguido se desarrollaron diversas art\u00edsticas como parte de bienvenida.<\/p>\n<p>La Reina del Cisne permanecer\u00e1 en Loja, hasta el pr\u00f3ximo 01 de noviembre y los devotos podr\u00e1n visitarla en el Santuario a partir de las 05h30 de la madrugada con diversas eucarist\u00edas a lo largo de la jornada.<\/p>\n<p>\ud83d\udcf2\u25b6\ufe0f Ver video completo en Youtube: https:\/\/www.youtube.com\/watch?v=6HOlF4cpnUo<\/p>\n<p>\ud83c\udf10\ud83d\udc49 S\u00edguenos en nuestra p\u00e1gina web: www.lodelmomentoloja.com<\/p>\n","protected":false},"excerpt":{"rendered":"<p>\ud83d\udc51\u271d\ufe0f\ud83d\ude4f \u00a1Bienvenida Reina de El Cisne! Este martes 20 de agosto, la Sagrada Imagen de&#8230;<\/p>\n","protected":false},"author":1,"featured_media":22092,"comment_status":"open","ping_status":"open","sticky":false,"template":"","format":"standard","meta":{"footnotes":""},"categories":[7,1,4,5],"tags":[],"class_list":["post-22090","post","type-post","status-publish","format-standard","has-post-thumbnail","hentry","category-ecuador","category-inicio","category-internacional","category-loja"],"_links":{"self":[{"href":"https:\/\/www.lodelmomentoloja.com\/index.php?rest_route=\/wp\/v2\/posts\/22090"}],"collection":[{"href":"https:\/\/www.lodelmomentoloja.com\/index.php?rest_route=\/wp\/v2\/posts"}],"about":[{"href":"https:\/\/www.lodelmomentoloja.com\/index.php?rest_route=\/wp\/v2\/types\/post"}],"author":[{"embeddable":true,"href":"https:\/\/www.lodelmomentoloja.com\/index.php?rest_route=\/wp\/v2\/users\/1"}],"replies":[{"embeddable":true,"href":"https:\/\/www.lodelmomentoloja.com\/index.php?rest_route=%2Fwp%2Fv2%2Fcomments&post=22090"}],"version-history":[{"count":1,"href":"https:\/\/www.lodelmomentoloja.com\/index.php?rest_route=\/wp\/v2\/posts\/22090\/revisions"}],"predecessor-version":[{"id":22093,"href":"https:\/\/www.lodelmomentoloja.com\/index.php?rest_route=\/wp\/v2\/posts\/22090\/revisions\/22093"}],"wp:featuredmedia":[{"embeddable":true,"href":"https:\/\/www.lodelmomentoloja.com\/index.php?rest_route=\/wp\/v2\/media\/22092"}],"wp:attachment":[{"href":"https:\/\/www.lodelmomentoloja.com\/index.php?rest_route=%2Fwp%2Fv2%2Fmedia&parent=22090"}],"wp:term":[{"taxonomy":"category","embeddable":true,"href":"https:\/\/www.lodelmomentoloja.com\/index.php?rest_route=%2Fwp%2Fv2%2Fcategories&post=22090"},{"taxonomy":"post_tag","embeddable":true,"href":"https:\/\/www.lodelmomentoloja.com\/index.php?rest_route=%2Fwp%2Fv2%2Ftags&post=22090"}],"curies":[{"name":"wp","href":"https:\/\/api.w.org\/{rel}","templated":true}]}}