{"id":22021,"date":"2024-08-16T13:31:58","date_gmt":"2024-08-16T13:31:58","guid":{"rendered":"https:\/\/www.lodelmomentoloja.com\/?p=22021"},"modified":"2024-08-16T18:03:53","modified_gmt":"2024-08-16T18:03:53","slug":"pugna-entre-daniel-noboa-y-veronica-abad-llego-hasta-el-tce","status":"publish","type":"post","link":"https:\/\/www.lodelmomentoloja.com\/?p=22021","title":{"rendered":"Pugna entre Daniel Noboa y Ver\u00f3nica Abad lleg\u00f3 hasta el TCE"},"content":{"rendered":"<p class=\"selectable-text copyable-text x15bjb6t x1n2onr6\" dir=\"ltr\"><span class=\"x19la9d6 x1fc57z9 x6ikm8r x10wlt62 x19co3pv x1g5zs5t xfibh0p xiy17q3 x1xsqp64 x1lkfr7t xexx8yu x4uap5 x18d9i69 xkhd6sd\"><span class=\"xrtxmta x1bhl96m\">\ud83d\ude31<\/span><\/span><span class=\"x19la9d6 x1fc57z9 x6ikm8r x10wlt62 x19co3pv x1g5zs5t xfibh0p xiy17q3 x1xsqp64 x1lkfr7t xexx8yu x4uap5 x18d9i69 xkhd6sd\"><span class=\"xrtxmta x1bhl96m\">\ud83e\udd14<\/span><\/span><span class=\"x19la9d6 x1fc57z9 x6ikm8r x10wlt62 x19co3pv x1g5zs5t xfibh0p xiy17q3 x1xsqp64 x1lkfr7t xexx8yu x4uap5 x18d9i69 xkhd6sd\"><span class=\"xrtxmta x1bhl96m\">\ud83d\udde3\ufe0f<\/span><\/span><span class=\"selectable-text copyable-text\"> \u00a1Violencia pol\u00edtica o de g\u00e9nero! <\/span>La pugna entre Daniel Noboa y Ver\u00f3nica Abad lleg\u00f3 hasta el Tribunal Contencioso Electoral (TCE). Por un lado, est\u00e1 la vicepresidenta, quien en d\u00edas pasados puso una denuncia por presunta violencia pol\u00edtica de g\u00e9nero contra el primer mandatario y 3 funcionarios m\u00e1s, Gabriela Sommerfeld, Esteban Torres y Diana J\u00e1come, con la cual busca una sanci\u00f3n que incluya la destituci\u00f3n y la p\u00e9rdida de los derechos pol\u00edticos.<\/p>\n<p>Como era de esperarse, el Gobierno de Noboa contraatac\u00f3 con otra denuncia por la misma causa, presunta violencia pol\u00edtica de g\u00e9nero, presentada por Diana J\u00e1come, puesto que aseguran, que este recurso legal se tratar\u00eda de un intento de \u201cgolpe de Estado\u201d.<\/p>\n<p>Pero, \u00bfQu\u00e9 es la violencia pol\u00edtica de g\u00e9nero?<br \/>\nEntr\u00f3 en vigencia en 2020 y es considerada como una infracci\u00f3n electoral grave en el C\u00f3digo de la Democracia, el cual define a este tipo de violencia como la \u201cagresi\u00f3n cometida por una persona o grupo de personas, directa o indirectamente contra las mujeres candidatas, militantes, electas, designadas o que ejerzan cargos p\u00fablicos, defensoras de derechos humanos, feministas, lideresas pol\u00edticas o sociales, o en contra de su familia\u201d. Esta violencia se orienta a acortar, suspender, impedir o restringir su accionar o el ejercicio de las funciones propias de su cargo, seg\u00fan la normativa.<\/p>\n<p>Algo similar ocurri\u00f3 con la ministra de la Mujer, Arianna Tanca, pues el padre de Aidita Ati, dijo que durante este tiempo no ha recibido ninguna ayuda por parte de esta cartera de Estado.<\/p>\n<p>Sus acusaciones, han despertado el descontento de la opini\u00f3n p\u00fablica, dando paso a un aparente \u201clinchamiento medi\u00e1tico\u201d, por lo que Arianna Tanca se\u00f1ala ser presunta v\u00edctima de violencia pol\u00edtica de g\u00e9nero.<\/p>\n<p>Sin embargo, argument\u00f3 que no se pueden confundir los derechos de las mujeres con los privilegios, haciendo a alusi\u00f3n a la petici\u00f3n de Ver\u00f3nica Abad en su denuncia en la que se\u00f1ala un trato similar.<\/p>\n<p>Con estas aparentes contradicciones surgen nuevas interrogantes \u00bfSer\u00e1 que existe un escaso asesoramiento al Gobierno de Noboa o simplemente pretenden beneficiar a sus aliados?<\/p>\n<p class=\"selectable-text copyable-text x15bjb6t x1n2onr6\" dir=\"ltr\"><span class=\"x19la9d6 x1fc57z9 x6ikm8r x10wlt62 x19co3pv x1g5zs5t xfibh0p xiy17q3 x1xsqp64 x1lkfr7t xexx8yu x4uap5 x18d9i69 xkhd6sd\"><span class=\"xrtxmta x1bhl96m\">\ud83d\udcf2<\/span><\/span><span class=\"x19la9d6 x1fc57z9 x6ikm8r x10wlt62 x19co3pv x1g5zs5t xfibh0p xiy17q3 x1xsqp64 x1lkfr7t xexx8yu x4uap5 x18d9i69 xkhd6sd\"><span class=\"xrtxmta x1bhl96m\">\u25b6\ufe0f<\/span><\/span><span class=\"selectable-text copyable-text\"> Ver video completo en Youtube: <\/span><span class=\"selectable-text copyable-text\">https:\/\/youtu.be\/-HsKTFE6-2Q<\/span><\/p>\n<p class=\"selectable-text copyable-text x15bjb6t x1n2onr6\" dir=\"ltr\"><span class=\"x19la9d6 x1fc57z9 x6ikm8r x10wlt62 x19co3pv x1g5zs5t xfibh0p xiy17q3 x1xsqp64 x1lkfr7t xexx8yu x4uap5 x18d9i69 xkhd6sd\"><span class=\"xrtxmta x1bhl96m\">\ud83c\udf10<\/span><\/span><span class=\"x19la9d6 x1fc57z9 x6ikm8r x10wlt62 x19co3pv x1g5zs5t xfibh0p xiy17q3 x1xsqp64 x1lkfr7t xexx8yu x4uap5 x18d9i69 xkhd6sd\"><span class=\"xrtxmta x1bhl96m\">\ud83d\udc49<\/span><\/span><span class=\"selectable-text copyable-text\"> S\u00edguenos en nuestra p\u00e1gina web: <\/span><span class=\"selectable-text copyable-text\">www.lodelmomentoloja.com<\/span><\/p>\n","protected":false},"excerpt":{"rendered":"<p>\ud83d\ude31\ud83e\udd14\ud83d\udde3\ufe0f \u00a1Violencia pol\u00edtica o de g\u00e9nero! La pugna entre Daniel Noboa y Ver\u00f3nica Abad lleg\u00f3&#8230;<\/p>\n","protected":false},"author":1,"featured_media":22022,"comment_status":"open","ping_status":"open","sticky":false,"template":"","format":"standard","meta":{"footnotes":""},"categories":[7,1],"tags":[],"class_list":["post-22021","post","type-post","status-publish","format-standard","has-post-thumbnail","hentry","category-ecuador","category-inicio"],"_links":{"self":[{"href":"https:\/\/www.lodelmomentoloja.com\/index.php?rest_route=\/wp\/v2\/posts\/22021"}],"collection":[{"href":"https:\/\/www.lodelmomentoloja.com\/index.php?rest_route=\/wp\/v2\/posts"}],"about":[{"href":"https:\/\/www.lodelmomentoloja.com\/index.php?rest_route=\/wp\/v2\/types\/post"}],"author":[{"embeddable":true,"href":"https:\/\/www.lodelmomentoloja.com\/index.php?rest_route=\/wp\/v2\/users\/1"}],"replies":[{"embeddable":true,"href":"https:\/\/www.lodelmomentoloja.com\/index.php?rest_route=%2Fwp%2Fv2%2Fcomments&post=22021"}],"version-history":[{"count":1,"href":"https:\/\/www.lodelmomentoloja.com\/index.php?rest_route=\/wp\/v2\/posts\/22021\/revisions"}],"predecessor-version":[{"id":22023,"href":"https:\/\/www.lodelmomentoloja.com\/index.php?rest_route=\/wp\/v2\/posts\/22021\/revisions\/22023"}],"wp:featuredmedia":[{"embeddable":true,"href":"https:\/\/www.lodelmomentoloja.com\/index.php?rest_route=\/wp\/v2\/media\/22022"}],"wp:attachment":[{"href":"https:\/\/www.lodelmomentoloja.com\/index.php?rest_route=%2Fwp%2Fv2%2Fmedia&parent=22021"}],"wp:term":[{"taxonomy":"category","embeddable":true,"href":"https:\/\/www.lodelmomentoloja.com\/index.php?rest_route=%2Fwp%2Fv2%2Fcategories&post=22021"},{"taxonomy":"post_tag","embeddable":true,"href":"https:\/\/www.lodelmomentoloja.com\/index.php?rest_route=%2Fwp%2Fv2%2Ftags&post=22021"}],"curies":[{"name":"wp","href":"https:\/\/api.w.org\/{rel}","templated":true}]}}