{"id":21979,"date":"2024-08-14T18:01:50","date_gmt":"2024-08-14T18:01:50","guid":{"rendered":"https:\/\/www.lodelmomentoloja.com\/?p=21979"},"modified":"2024-08-14T23:05:13","modified_gmt":"2024-08-14T23:05:13","slug":"docente-invidente-fue-separado-del-cargo-tras-acusacion-por-4gr3s10n-s3xv4l","status":"publish","type":"post","link":"https:\/\/www.lodelmomentoloja.com\/?p=21979","title":{"rendered":"Docente invidente fue separado del cargo tras acusaci\u00f3n por 4gr3s10n s3xv4l"},"content":{"rendered":"<div style=\"width: 640px;\" class=\"wp-video\"><!--[if lt IE 9]><script>document.createElement('video');<\/script><![endif]-->\n<video class=\"wp-video-shortcode\" id=\"video-21979-1\" width=\"640\" height=\"360\" preload=\"metadata\" controls=\"controls\"><source type=\"video\/mp4\" src=\"http:\/\/www.lodelmomentoloja.com\/wp-content\/uploads\/2024\/08\/DOCENTE-REDUCIDO.mp4?_=1\" \/><a href=\"http:\/\/www.lodelmomentoloja.com\/wp-content\/uploads\/2024\/08\/DOCENTE-REDUCIDO.mp4\">http:\/\/www.lodelmomentoloja.com\/wp-content\/uploads\/2024\/08\/DOCENTE-REDUCIDO.mp4<\/a><\/video><\/div>\n<p>\ud83e\udd2f\ud83e\udd14\ud83d\udde3\ufe0f \u00bfPresunto autoritarismo? A trav\u00e9s de una denuncia ciudadana, en la ciudad de Loja, un exdocente, diagnosticado con discapacidad visual, puso en evidencia el presunto autoritarismo bajo el cual habr\u00eda sido separado de la entidad educativa de la que formaba parte por el Distrito de Educaci\u00f3n. Seg\u00fan su testimonio, el afectado menciona que su destituci\u00f3n se dio a ra\u00edz de las acusaciones por el presunto delito de agresi\u00f3n sexual, pero los cargos no pudieron ser comprobados.<\/p>\n<p>\u00bfC\u00f3mo ocurrieron los hechos?<\/p>\n<p>En 2019, enfrent\u00f3 un proceso legal por el presunto delito de agresi\u00f3n sexual a una de las estudiantes. Por lo que, en octubre del mismo a\u00f1o, la Junta Distrital de Resoluci\u00f3n de Conflictos resolvi\u00f3 separarlo del plantel dedicado a la educaci\u00f3n de personas con discapacidad, alegando el cometimiento de la infracci\u00f3n del presunto delito de agresi\u00f3n sexual. Sin embargo, los cargos no habr\u00edan sido probados, por lo que el juez lo declar\u00f3 inocente.<\/p>\n<p>Pero dicha sentencia fue apeada y, en una segunda instancia, su inocencia fue ratificada. Incluso durante el proceso, le solicitaron varios ex\u00e1menes m\u00e9dicos y psicol\u00f3gicos para comprobar su discapacidad, a pesar de que en su documento de identidad consta el 100% de su discapacidad.<\/p>\n<p>Con el resultado a su favor, en 2024 Jorge Barba decidi\u00f3 apelar la resoluci\u00f3n del Distrito de Educaci\u00f3n, por lo que, mediante un oficio, solicit\u00f3 a la entidad de educaci\u00f3n, la reintegraci\u00f3n al plantel. Sin embargo, a finales de julio del a\u00f1o en curso, su petici\u00f3n fue denegada, alegando que \u201cla justicia penal no tiene injerencia en el acto administrativo librado\u201d, por lo que la destituci\u00f3n no influye en la sentencia que ratifica su presunta inocencia.<\/p>\n<p>Por estos eventos, Jorge Barba expresa que sus derechos han sido vulnerados, ya que no existen causales que lo limiten a continuar con sus labores como docente, mismo que por a\u00f1os han sido el sustento de toda su familia.<\/p>\n<p>Ahora, espera que las autoridades tomen cartas en el asunto, para que su caso no quede en la impunidad.<\/p>\n<p>\ud83d\udcf2\u25b6\ufe0f Ver video completo en Youtube: https:\/\/www.youtube.com\/watch?v=MfKXXr5ZaWQ<\/p>\n<p>\ud83c\udf10\ud83d\udc49 S\u00edguenos en nuestra p\u00e1gina web: www.lodelmomentoloja.com<\/p>\n","protected":false},"excerpt":{"rendered":"<p>\ud83e\udd2f\ud83e\udd14\ud83d\udde3\ufe0f \u00bfPresunto autoritarismo? A trav\u00e9s de una denuncia ciudadana, en la ciudad de Loja, un&#8230;<\/p>\n","protected":false},"author":1,"featured_media":21981,"comment_status":"open","ping_status":"open","sticky":false,"template":"","format":"standard","meta":{"footnotes":""},"categories":[1,5],"tags":[],"class_list":["post-21979","post","type-post","status-publish","format-standard","has-post-thumbnail","hentry","category-inicio","category-loja"],"_links":{"self":[{"href":"https:\/\/www.lodelmomentoloja.com\/index.php?rest_route=\/wp\/v2\/posts\/21979"}],"collection":[{"href":"https:\/\/www.lodelmomentoloja.com\/index.php?rest_route=\/wp\/v2\/posts"}],"about":[{"href":"https:\/\/www.lodelmomentoloja.com\/index.php?rest_route=\/wp\/v2\/types\/post"}],"author":[{"embeddable":true,"href":"https:\/\/www.lodelmomentoloja.com\/index.php?rest_route=\/wp\/v2\/users\/1"}],"replies":[{"embeddable":true,"href":"https:\/\/www.lodelmomentoloja.com\/index.php?rest_route=%2Fwp%2Fv2%2Fcomments&post=21979"}],"version-history":[{"count":1,"href":"https:\/\/www.lodelmomentoloja.com\/index.php?rest_route=\/wp\/v2\/posts\/21979\/revisions"}],"predecessor-version":[{"id":21982,"href":"https:\/\/www.lodelmomentoloja.com\/index.php?rest_route=\/wp\/v2\/posts\/21979\/revisions\/21982"}],"wp:featuredmedia":[{"embeddable":true,"href":"https:\/\/www.lodelmomentoloja.com\/index.php?rest_route=\/wp\/v2\/media\/21981"}],"wp:attachment":[{"href":"https:\/\/www.lodelmomentoloja.com\/index.php?rest_route=%2Fwp%2Fv2%2Fmedia&parent=21979"}],"wp:term":[{"taxonomy":"category","embeddable":true,"href":"https:\/\/www.lodelmomentoloja.com\/index.php?rest_route=%2Fwp%2Fv2%2Fcategories&post=21979"},{"taxonomy":"post_tag","embeddable":true,"href":"https:\/\/www.lodelmomentoloja.com\/index.php?rest_route=%2Fwp%2Fv2%2Ftags&post=21979"}],"curies":[{"name":"wp","href":"https:\/\/api.w.org\/{rel}","templated":true}]}}