{"id":21949,"date":"2024-08-14T09:21:54","date_gmt":"2024-08-14T09:21:54","guid":{"rendered":"https:\/\/www.lodelmomentoloja.com\/?p=21949"},"modified":"2024-08-14T14:31:50","modified_gmt":"2024-08-14T14:31:50","slug":"los-peregrinitos-alistan-todo-para-celebrar-a-la-churonita","status":"publish","type":"post","link":"https:\/\/www.lodelmomentoloja.com\/?p=21949","title":{"rendered":"&#8216;Los Peregrinitos&#8217; alistan todo para celebrar a La Churonita"},"content":{"rendered":"<div class=\"xdj266r x11i5rnm xat24cr x1mh8g0r x1vvkbs x126k92a\">\n<div dir=\"auto\"><span class=\"html-span xexx8yu x4uap5 x18d9i69 xkhd6sd x1hl2dhg x16tdsg8 x1vvkbs x3nfvp2 x1j61x8r x1fcty0u xdj266r xat24cr xgzva0m xhhsvwb xxymvpz xlup9mm x1kky2od\"><img loading=\"lazy\" decoding=\"async\" class=\"xz74otr\" src=\"https:\/\/static.xx.fbcdn.net\/images\/emoji.php\/v9\/t87\/1\/16\/1f466_1f3fb.png\" alt=\"\ud83d\udc66\ud83c\udffb\" width=\"16\" height=\"16\" \/><\/span><span class=\"html-span xexx8yu x4uap5 x18d9i69 xkhd6sd x1hl2dhg x16tdsg8 x1vvkbs x3nfvp2 x1j61x8r x1fcty0u xdj266r xat24cr xgzva0m xhhsvwb xxymvpz xlup9mm x1kky2od\"><img loading=\"lazy\" decoding=\"async\" class=\"xz74otr\" src=\"https:\/\/static.xx.fbcdn.net\/images\/emoji.php\/v9\/tba\/1\/16\/1f54a.png\" alt=\"\ud83d\udd4a\" width=\"16\" height=\"16\" \/><\/span><span class=\"html-span xexx8yu x4uap5 x18d9i69 xkhd6sd x1hl2dhg x16tdsg8 x1vvkbs x3nfvp2 x1j61x8r x1fcty0u xdj266r xat24cr xgzva0m xhhsvwb xxymvpz xlup9mm x1kky2od\"><img loading=\"lazy\" decoding=\"async\" class=\"xz74otr\" src=\"https:\/\/static.xx.fbcdn.net\/images\/emoji.php\/v9\/tfb\/1\/16\/1f64f_1f3fb.png\" alt=\"\ud83d\ude4f\ud83c\udffb\" width=\"16\" height=\"16\" \/><\/span> \u00a1Una gran devoci\u00f3n! El colectivo &#8216;Peregrinitos hoy, Peregrinitos siempre&#8217;, parti\u00f3 desde Cuenca hacia el Santuario de El Cisne, para iniciar los preparativos de celebraci\u00f3n en honor a la Churonita. La tradici\u00f3n iniciada desde hace 30 a\u00f1os, con devotos integrados por familias cuencanas y de otras ciudades a nivel nacional, incluyendo Loja, centran su labor en j\u00f3venes y ni\u00f1os, para celebrar no solo un acto religioso, sino un testimonio de fe.<\/p>\n<p>Fuente: El Comercio<\/p>\n<p><img loading=\"lazy\" decoding=\"async\" class=\"alignnone size-medium wp-image-21950\" src=\"http:\/\/www.lodelmomentoloja.com\/wp-content\/uploads\/2024\/08\/WhatsApp-Image-2024-08-14-at-9.09.39-AM-300x300.jpeg\" alt=\"\" width=\"300\" height=\"300\" srcset=\"https:\/\/www.lodelmomentoloja.com\/wp-content\/uploads\/2024\/08\/WhatsApp-Image-2024-08-14-at-9.09.39-AM-300x300.jpeg 300w, https:\/\/www.lodelmomentoloja.com\/wp-content\/uploads\/2024\/08\/WhatsApp-Image-2024-08-14-at-9.09.39-AM-1024x1024.jpeg 1024w, https:\/\/www.lodelmomentoloja.com\/wp-content\/uploads\/2024\/08\/WhatsApp-Image-2024-08-14-at-9.09.39-AM-150x150.jpeg 150w, https:\/\/www.lodelmomentoloja.com\/wp-content\/uploads\/2024\/08\/WhatsApp-Image-2024-08-14-at-9.09.39-AM-768x768.jpeg 768w, https:\/\/www.lodelmomentoloja.com\/wp-content\/uploads\/2024\/08\/WhatsApp-Image-2024-08-14-at-9.09.39-AM-640x640.jpeg 640w, https:\/\/www.lodelmomentoloja.com\/wp-content\/uploads\/2024\/08\/WhatsApp-Image-2024-08-14-at-9.09.39-AM.jpeg 1066w\" sizes=\"(max-width: 300px) 100vw, 300px\" \/> <img loading=\"lazy\" decoding=\"async\" class=\"alignnone size-medium wp-image-21951\" src=\"http:\/\/www.lodelmomentoloja.com\/wp-content\/uploads\/2024\/08\/WhatsApp-Image-2024-08-14-at-9.09.38-AM-1-225x300.jpeg\" alt=\"\" width=\"225\" height=\"300\" srcset=\"https:\/\/www.lodelmomentoloja.com\/wp-content\/uploads\/2024\/08\/WhatsApp-Image-2024-08-14-at-9.09.38-AM-1-225x300.jpeg 225w, https:\/\/www.lodelmomentoloja.com\/wp-content\/uploads\/2024\/08\/WhatsApp-Image-2024-08-14-at-9.09.38-AM-1-768x1024.jpeg 768w, https:\/\/www.lodelmomentoloja.com\/wp-content\/uploads\/2024\/08\/WhatsApp-Image-2024-08-14-at-9.09.38-AM-1-640x853.jpeg 640w, https:\/\/www.lodelmomentoloja.com\/wp-content\/uploads\/2024\/08\/WhatsApp-Image-2024-08-14-at-9.09.38-AM-1-1024x1365.jpeg 1024w, https:\/\/www.lodelmomentoloja.com\/wp-content\/uploads\/2024\/08\/WhatsApp-Image-2024-08-14-at-9.09.38-AM-1.jpeg 1080w\" sizes=\"(max-width: 225px) 100vw, 225px\" \/><\/div>\n<\/div>\n<div class=\"x11i5rnm xat24cr x1mh8g0r x1vvkbs xtlvy1s x126k92a\">\n<div dir=\"auto\"><span class=\"html-span xexx8yu x4uap5 x18d9i69 xkhd6sd x1hl2dhg x16tdsg8 x1vvkbs x3nfvp2 x1j61x8r x1fcty0u xdj266r xat24cr xgzva0m xhhsvwb xxymvpz xlup9mm x1kky2od\"><img loading=\"lazy\" decoding=\"async\" class=\"xz74otr\" src=\"https:\/\/static.xx.fbcdn.net\/images\/emoji.php\/v9\/taa\/1\/16\/1f310.png\" alt=\"\ud83c\udf10\" width=\"16\" height=\"16\" \/><\/span><span class=\"html-span xexx8yu x4uap5 x18d9i69 xkhd6sd x1hl2dhg x16tdsg8 x1vvkbs x3nfvp2 x1j61x8r x1fcty0u xdj266r xat24cr xgzva0m xhhsvwb xxymvpz xlup9mm x1kky2od\"><img loading=\"lazy\" decoding=\"async\" class=\"xz74otr\" src=\"https:\/\/static.xx.fbcdn.net\/images\/emoji.php\/v9\/t51\/1\/16\/1f449.png\" alt=\"\ud83d\udc49\" width=\"16\" height=\"16\" \/><\/span> S\u00edguenos en nuestra p\u00e1gina web<span class=\"html-span xdj266r x11i5rnm xat24cr x1mh8g0r xexx8yu x4uap5 x18d9i69 xkhd6sd x1hl2dhg x16tdsg8 x1vvkbs\"><a class=\"x1i10hfl xjbqb8w x1ejq31n xd10rxx x1sy0etr x17r0tee x972fbf xcfux6l x1qhh985 xm0m39n x9f619 x1ypdohk xt0psk2 xe8uvvx xdj266r x11i5rnm xat24cr x1mh8g0r xexx8yu x4uap5 x18d9i69 xkhd6sd x16tdsg8 x1hl2dhg xggy1nq x1a2a7pz x1sur9pj xkrqix3 x1fey0fg\" tabindex=\"0\" role=\"link\" href=\"http:\/\/www.lodelmomentoloja.com\/?fbclid=IwZXh0bgNhZW0CMTAAAR385pedZow-jvQMygjH_n51y2-Lm58Is__ug-eHGs6ISRiislaNaU9s1pY_aem_gduaCOsu4i3_LNrLRynwpw\" target=\"_blank\" rel=\"nofollow noopener noreferrer\">: www.lodelmomentoloja.c<\/a><\/span>om<\/div>\n<\/div>\n","protected":false},"excerpt":{"rendered":"<p>\u00a1Una gran devoci\u00f3n! El colectivo &#8216;Peregrinitos hoy, Peregrinitos siempre&#8217;, parti\u00f3 desde Cuenca hacia el Santuario&#8230;<\/p>\n","protected":false},"author":1,"featured_media":21952,"comment_status":"open","ping_status":"open","sticky":false,"template":"","format":"standard","meta":{"footnotes":""},"categories":[7,1,4,5],"tags":[],"class_list":["post-21949","post","type-post","status-publish","format-standard","has-post-thumbnail","hentry","category-ecuador","category-inicio","category-internacional","category-loja"],"_links":{"self":[{"href":"https:\/\/www.lodelmomentoloja.com\/index.php?rest_route=\/wp\/v2\/posts\/21949"}],"collection":[{"href":"https:\/\/www.lodelmomentoloja.com\/index.php?rest_route=\/wp\/v2\/posts"}],"about":[{"href":"https:\/\/www.lodelmomentoloja.com\/index.php?rest_route=\/wp\/v2\/types\/post"}],"author":[{"embeddable":true,"href":"https:\/\/www.lodelmomentoloja.com\/index.php?rest_route=\/wp\/v2\/users\/1"}],"replies":[{"embeddable":true,"href":"https:\/\/www.lodelmomentoloja.com\/index.php?rest_route=%2Fwp%2Fv2%2Fcomments&post=21949"}],"version-history":[{"count":1,"href":"https:\/\/www.lodelmomentoloja.com\/index.php?rest_route=\/wp\/v2\/posts\/21949\/revisions"}],"predecessor-version":[{"id":21953,"href":"https:\/\/www.lodelmomentoloja.com\/index.php?rest_route=\/wp\/v2\/posts\/21949\/revisions\/21953"}],"wp:featuredmedia":[{"embeddable":true,"href":"https:\/\/www.lodelmomentoloja.com\/index.php?rest_route=\/wp\/v2\/media\/21952"}],"wp:attachment":[{"href":"https:\/\/www.lodelmomentoloja.com\/index.php?rest_route=%2Fwp%2Fv2%2Fmedia&parent=21949"}],"wp:term":[{"taxonomy":"category","embeddable":true,"href":"https:\/\/www.lodelmomentoloja.com\/index.php?rest_route=%2Fwp%2Fv2%2Fcategories&post=21949"},{"taxonomy":"post_tag","embeddable":true,"href":"https:\/\/www.lodelmomentoloja.com\/index.php?rest_route=%2Fwp%2Fv2%2Ftags&post=21949"}],"curies":[{"name":"wp","href":"https:\/\/api.w.org\/{rel}","templated":true}]}}