{"id":21901,"date":"2024-08-12T17:21:38","date_gmt":"2024-08-12T17:21:38","guid":{"rendered":"https:\/\/www.lodelmomentoloja.com\/?p=21901"},"modified":"2024-08-12T22:50:49","modified_gmt":"2024-08-12T22:50:49","slug":"vacaciones-de-los-ediles-de-loja","status":"publish","type":"post","link":"https:\/\/www.lodelmomentoloja.com\/?p=21901","title":{"rendered":"Vacaciones de los ediles de Loja"},"content":{"rendered":"<div style=\"width: 640px;\" class=\"wp-video\"><!--[if lt IE 9]><script>document.createElement('video');<\/script><![endif]-->\n<video class=\"wp-video-shortcode\" id=\"video-21901-1\" width=\"640\" height=\"360\" preload=\"metadata\" controls=\"controls\"><source type=\"video\/mp4\" src=\"http:\/\/www.lodelmomentoloja.com\/wp-content\/uploads\/2024\/08\/EDILES-REDUCIDO-1.mp4?_=1\" \/><a href=\"http:\/\/www.lodelmomentoloja.com\/wp-content\/uploads\/2024\/08\/EDILES-REDUCIDO-1.mp4\">http:\/\/www.lodelmomentoloja.com\/wp-content\/uploads\/2024\/08\/EDILES-REDUCIDO-1.mp4<\/a><\/video><\/div>\n<p>\ud83e\udd2f\ud83e\udd14\ud83d\udc49 \u00bfExceso de vacaciones? Mediante las sesiones de cabildo varios ediles han pedido, en los \u00faltimos meses, licencia con cargo a vacaciones, un acto que en la pr\u00e1ctica es legal, pero que no ha sido bien recibido por la ciudadan\u00eda, ya que muchos argumentan que la remuneraci\u00f3n de $2.200 mensuales, no reflejan lo hecho por las autoridades en el cabildo.<\/p>\n<p>Los m\u00e1s recientes han sido 8 de once concejales que han utilizado esta herramienta, sin embargo, algunos pese a llevar varios a\u00f1os en el cargo, no parecen tener la noci\u00f3n del proceso que se debe seguir para solicitar dichos permisos, tal es el caso del edil Santiago Err\u00e1ez, pese a llevar 2 periodos desconoce temas b\u00e1sicos sobre la normativa, puesto que, seg\u00fan el COOTAD, el Concejo Municipal es el \u00fanico ente que puede aprobar dichos permisos.<\/p>\n<p>Pero, \u00bfComo est\u00e1n los pedidos de los ediles del cant\u00f3n Loja del periodo 2023-2027? Liderando la lista est\u00e1 John Espinoza con 37 d\u00edas, seguido de Miguel Castillo con 26, Adalber Gaona con 19, Iv\u00e1n Lude\u00f1a con 17, Pablo Carri\u00f3n con 13 d\u00edas. Otros ediles que han pedido menos de 10 d\u00edas son Santiago Err\u00e1ez con 9 d\u00edas, Diana Guayanay con 8, Pablo Qui\u00f1ones y Polibio V\u00e9lez empatados con 7 d\u00edas; y, finalmente, est\u00e1n Lenin Cuenca y Yuri Yaguana quienes, de momento, solo han solicitado 1 d\u00eda.<\/p>\n<p><img loading=\"lazy\" decoding=\"async\" class=\"alignnone size-medium wp-image-21903\" src=\"http:\/\/www.lodelmomentoloja.com\/wp-content\/uploads\/2024\/08\/banner-LDM-noticias-300x168.jpg\" alt=\"\" width=\"300\" height=\"168\" srcset=\"https:\/\/www.lodelmomentoloja.com\/wp-content\/uploads\/2024\/08\/banner-LDM-noticias-300x168.jpg 300w, https:\/\/www.lodelmomentoloja.com\/wp-content\/uploads\/2024\/08\/banner-LDM-noticias-1024x575.jpg 1024w, https:\/\/www.lodelmomentoloja.com\/wp-content\/uploads\/2024\/08\/banner-LDM-noticias-768x431.jpg 768w, https:\/\/www.lodelmomentoloja.com\/wp-content\/uploads\/2024\/08\/banner-LDM-noticias-640x359.jpg 640w, https:\/\/www.lodelmomentoloja.com\/wp-content\/uploads\/2024\/08\/banner-LDM-noticias.jpg 1286w\" sizes=\"(max-width: 300px) 100vw, 300px\" \/><\/p>\n<p>Sus vacaciones tambi\u00e9n despiertan el descontento de la opini\u00f3n p\u00fablica, alegando que sus d\u00edas de descanso no corresponde a la labor que realizan dentro de su jornada laboral \u00bfSer\u00e1 que los concejales del cabildo tienen demasiadas vacaciones o tal vez, existe un exceso de carga laboral?<\/p>\n<p>\ud83d\udcf2\u25b6\ufe0f Ver video completo en Youtube: https:\/\/youtu.be\/JJRW9tno9ZQ<\/p>\n<p>\ud83c\udf10\ud83d\udc49 S\u00edguenos en nuestra p\u00e1gina web: www.lodelmomentoloja.com<\/p>\n","protected":false},"excerpt":{"rendered":"<p>\ud83e\udd2f\ud83e\udd14\ud83d\udc49 \u00bfExceso de vacaciones? Mediante las sesiones de cabildo varios ediles han pedido, en los&#8230;<\/p>\n","protected":false},"author":1,"featured_media":21904,"comment_status":"open","ping_status":"open","sticky":false,"template":"","format":"standard","meta":{"footnotes":""},"categories":[1],"tags":[],"class_list":["post-21901","post","type-post","status-publish","format-standard","has-post-thumbnail","hentry","category-inicio"],"_links":{"self":[{"href":"https:\/\/www.lodelmomentoloja.com\/index.php?rest_route=\/wp\/v2\/posts\/21901"}],"collection":[{"href":"https:\/\/www.lodelmomentoloja.com\/index.php?rest_route=\/wp\/v2\/posts"}],"about":[{"href":"https:\/\/www.lodelmomentoloja.com\/index.php?rest_route=\/wp\/v2\/types\/post"}],"author":[{"embeddable":true,"href":"https:\/\/www.lodelmomentoloja.com\/index.php?rest_route=\/wp\/v2\/users\/1"}],"replies":[{"embeddable":true,"href":"https:\/\/www.lodelmomentoloja.com\/index.php?rest_route=%2Fwp%2Fv2%2Fcomments&post=21901"}],"version-history":[{"count":1,"href":"https:\/\/www.lodelmomentoloja.com\/index.php?rest_route=\/wp\/v2\/posts\/21901\/revisions"}],"predecessor-version":[{"id":21905,"href":"https:\/\/www.lodelmomentoloja.com\/index.php?rest_route=\/wp\/v2\/posts\/21901\/revisions\/21905"}],"wp:featuredmedia":[{"embeddable":true,"href":"https:\/\/www.lodelmomentoloja.com\/index.php?rest_route=\/wp\/v2\/media\/21904"}],"wp:attachment":[{"href":"https:\/\/www.lodelmomentoloja.com\/index.php?rest_route=%2Fwp%2Fv2%2Fmedia&parent=21901"}],"wp:term":[{"taxonomy":"category","embeddable":true,"href":"https:\/\/www.lodelmomentoloja.com\/index.php?rest_route=%2Fwp%2Fv2%2Fcategories&post=21901"},{"taxonomy":"post_tag","embeddable":true,"href":"https:\/\/www.lodelmomentoloja.com\/index.php?rest_route=%2Fwp%2Fv2%2Ftags&post=21901"}],"curies":[{"name":"wp","href":"https:\/\/api.w.org\/{rel}","templated":true}]}}