{"id":21894,"date":"2024-08-12T15:41:12","date_gmt":"2024-08-12T15:41:12","guid":{"rendered":"https:\/\/www.lodelmomentoloja.com\/?p=21894"},"modified":"2024-08-12T20:43:27","modified_gmt":"2024-08-12T20:43:27","slug":"nuevos-rostros-para-los-comicios-2025","status":"publish","type":"post","link":"https:\/\/www.lodelmomentoloja.com\/?p=21894","title":{"rendered":"Nuevos rostros para los comicios 2025"},"content":{"rendered":"<div style=\"width: 640px;\" class=\"wp-video\"><!--[if lt IE 9]><script>document.createElement('video');<\/script><![endif]-->\n<video class=\"wp-video-shortcode\" id=\"video-21894-1\" width=\"640\" height=\"360\" preload=\"metadata\" controls=\"controls\"><source type=\"video\/mp4\" src=\"http:\/\/www.lodelmomentoloja.com\/wp-content\/uploads\/2024\/08\/COMICIOS-2025-REDUCIDO.mp4?_=1\" \/><a href=\"http:\/\/www.lodelmomentoloja.com\/wp-content\/uploads\/2024\/08\/COMICIOS-2025-REDUCIDO.mp4\">http:\/\/www.lodelmomentoloja.com\/wp-content\/uploads\/2024\/08\/COMICIOS-2025-REDUCIDO.mp4<\/a><\/video><\/div>\n<p class=\"selectable-text copyable-text x15bjb6t x1n2onr6\" dir=\"ltr\"><span class=\"x19la9d6 x1fc57z9 x6ikm8r x10wlt62 x19co3pv x1g5zs5t xfibh0p xiy17q3 x1xsqp64 x1lkfr7t xexx8yu x4uap5 x18d9i69 xkhd6sd\"><span class=\"xrtxmta x1bhl96m\"><\/p>\n<p>\ud83d\uddf3\ufe0f<\/span><\/span><span class=\"x19la9d6 x1fc57z9 x6ikm8r x10wlt62 x19co3pv x1g5zs5t xfibh0p xiy17q3 x1xsqp64 x1lkfr7t xexx8yu x4uap5 x18d9i69 xkhd6sd\"><span class=\"xrtxmta x1bhl96m\">\ud83d\udde3\ufe0f<\/span><\/span><span class=\"x19la9d6 x1fc57z9 x6ikm8r x10wlt62 x19co3pv x1g5zs5t xfibh0p xiy17q3 x1xsqp64 x1lkfr7t xexx8yu x4uap5 x18d9i69 xkhd6sd\"><span class=\"xrtxmta x1bhl96m\">\ud83d\udc49<\/span><\/span><span class=\"selectable-text copyable-text\"> \u00a1Nuevos rostros para los comicios 2025! Mientras el calendario del Consejo Nacional Electoral avanza rumbo a las elecciones presidenciales de 2025, algunas ternas pol\u00edticas, ya establecieron su f\u00f3rmula con la que ir\u00e1n al balotaje el pr\u00f3ximo a\u00f1o. <\/span><\/p>\n<p class=\"selectable-text copyable-text x15bjb6t x1n2onr6\" dir=\"ltr\"><span class=\"selectable-text copyable-text\">En el caso de la Revoluci\u00f3n Ciudadana, Luisa Gonz\u00e1lez, ser\u00e1 nuevamente la precandidata presidencial, tal como ocurri\u00f3 en las \u00faltimas elecciones, pero con una nueva variante, puesto que, su compa\u00f1ero de f\u00f3rmula, ser\u00e1 el exministro de Econom\u00eda, Diego Borja; figura que se termin\u00f3 imponiendo al perfil del periodista Augusto Verduga, quien tambi\u00e9n aparec\u00eda en la lista de la RC. <\/span><\/p>\n<p class=\"selectable-text copyable-text x15bjb6t x1n2onr6\" dir=\"ltr\"><span class=\"selectable-text copyable-text\">Por su parte, Daniel Noboa, quien gan\u00f3 las elecciones anticipadas de 2023, tras la muerte cruzada decretada por el expresidente Guillermo Lasso. Tambi\u00e9n buscar\u00e1 la reelecci\u00f3n en 2025 con el reci\u00e9n inscrito movimiento Acci\u00f3n Democr\u00e1tica Nacional (ADN).<\/span><\/p>\n<p class=\"selectable-text copyable-text x15bjb6t x1n2onr6\" dir=\"ltr\"><span class=\"selectable-text copyable-text\">Noboa a escogido como su compa\u00f1era de f\u00f3rmula a Mar\u00eda Jos\u00e9 Pinto, dejando de lado a su vicepresidenta, Ver\u00f3nica Abab, a quien mantiene cumpliendo funciones fuera del pa\u00eds desde su posesi\u00f3n. Pinto es funcionaria del actual Gobierno, desempe\u00f1\u00e1ndose como titular de la Secretar\u00eda Ecuador Crece Sin Desnutrici\u00f3n Infantil, cargo que ocupa desde diciembre de 2023. <\/span><\/p>\n<p class=\"selectable-text copyable-text x15bjb6t x1n2onr6\" dir=\"ltr\"><span class=\"selectable-text copyable-text\">Aunque a\u00fan no se ha hecho el anuncio oficial, otros movimientos ya tendr\u00edan en su terna, a sus posibles precandidatos: Unidad Popular, lista 2 con Jorge Escala; Partido Socialista, lista 17 con Pedro Granja; SUMA tendr\u00eda en la mira a Andrea Gonz\u00e1lez Nader; el movimiento Construye apuesta por el exministro de Gobierno, en el periodo de Lasso, Henry Cucal\u00f3n.<\/span><\/p>\n<p class=\"selectable-text copyable-text x15bjb6t x1n2onr6\" dir=\"ltr\"><span class=\"selectable-text copyable-text\">En el calendario electoral establece que, del 03 al 17 de agosto, las organizaciones pol\u00edticas deben definir a sus binomios presidenciales y los candidatos a la Asamblea Nacional, antes de la inscripci\u00f3n oficial. Y, entre el 22 de julio y 30 de agosto, es el periodo para inscripci\u00f3n de las alianzas. <\/span><\/p>\n<p class=\"selectable-text copyable-text x15bjb6t x1n2onr6\" dir=\"ltr\"><span class=\"selectable-text copyable-text\">Una vez aprobadas las primarias, las inscripciones oficiales de las candidaturas ser\u00e1n del 13 de septiembre al 02 de octubre de 2024. \u00bfSurgir\u00e1n nuevas alianzas pol\u00edticas o simplemente cada organizaci\u00f3n velar\u00e1 por sus propios intereses?<\/span><\/p>\n<p class=\"selectable-text copyable-text x15bjb6t x1n2onr6\" dir=\"ltr\"><span class=\"x19la9d6 x1fc57z9 x6ikm8r x10wlt62 x19co3pv x1g5zs5t xfibh0p xiy17q3 x1xsqp64 x1lkfr7t xexx8yu x4uap5 x18d9i69 xkhd6sd\"><span class=\"xrtxmta x1bhl96m\">\ud83d\udcf2<\/span><\/span><span class=\"x19la9d6 x1fc57z9 x6ikm8r x10wlt62 x19co3pv x1g5zs5t xfibh0p xiy17q3 x1xsqp64 x1lkfr7t xexx8yu x4uap5 x18d9i69 xkhd6sd\"><span class=\"xrtxmta x1bhl96m\">\u25b6\ufe0f<\/span><\/span><span class=\"selectable-text copyable-text\"> Ver video completo en Youtube:\u00a0<a href=\"https:\/\/youtu.be\/5OcHlMIRFIc\">https:\/\/youtu.be\/5OcHlMIRFIc<\/a><\/span><\/p>\n<p class=\"selectable-text copyable-text x15bjb6t x1n2onr6\" dir=\"ltr\"><span class=\"x19la9d6 x1fc57z9 x6ikm8r x10wlt62 x19co3pv x1g5zs5t xfibh0p xiy17q3 x1xsqp64 x1lkfr7t xexx8yu x4uap5 x18d9i69 xkhd6sd\"><span class=\"xrtxmta x1bhl96m\">\ud83c\udf10<\/span><\/span><span class=\"x19la9d6 x1fc57z9 x6ikm8r x10wlt62 x19co3pv x1g5zs5t xfibh0p xiy17q3 x1xsqp64 x1lkfr7t xexx8yu x4uap5 x18d9i69 xkhd6sd\"><span class=\"xrtxmta x1bhl96m\">\ud83d\udc49<\/span><\/span><span class=\"selectable-text copyable-text\"> S\u00edguenos en nuestra p\u00e1gina web: <\/span><span class=\"selectable-text copyable-text\">www.lodelmomentoloja.com<\/span><\/p>\n","protected":false},"excerpt":{"rendered":"<p>\ud83d\uddf3\ufe0f\ud83d\udde3\ufe0f\ud83d\udc49 \u00a1Nuevos rostros para los comicios 2025! Mientras el calendario del Consejo Nacional Electoral avanza&#8230;<\/p>\n","protected":false},"author":1,"featured_media":21895,"comment_status":"open","ping_status":"open","sticky":false,"template":"","format":"standard","meta":{"footnotes":""},"categories":[7,1],"tags":[],"class_list":["post-21894","post","type-post","status-publish","format-standard","has-post-thumbnail","hentry","category-ecuador","category-inicio"],"_links":{"self":[{"href":"https:\/\/www.lodelmomentoloja.com\/index.php?rest_route=\/wp\/v2\/posts\/21894"}],"collection":[{"href":"https:\/\/www.lodelmomentoloja.com\/index.php?rest_route=\/wp\/v2\/posts"}],"about":[{"href":"https:\/\/www.lodelmomentoloja.com\/index.php?rest_route=\/wp\/v2\/types\/post"}],"author":[{"embeddable":true,"href":"https:\/\/www.lodelmomentoloja.com\/index.php?rest_route=\/wp\/v2\/users\/1"}],"replies":[{"embeddable":true,"href":"https:\/\/www.lodelmomentoloja.com\/index.php?rest_route=%2Fwp%2Fv2%2Fcomments&post=21894"}],"version-history":[{"count":1,"href":"https:\/\/www.lodelmomentoloja.com\/index.php?rest_route=\/wp\/v2\/posts\/21894\/revisions"}],"predecessor-version":[{"id":21897,"href":"https:\/\/www.lodelmomentoloja.com\/index.php?rest_route=\/wp\/v2\/posts\/21894\/revisions\/21897"}],"wp:featuredmedia":[{"embeddable":true,"href":"https:\/\/www.lodelmomentoloja.com\/index.php?rest_route=\/wp\/v2\/media\/21895"}],"wp:attachment":[{"href":"https:\/\/www.lodelmomentoloja.com\/index.php?rest_route=%2Fwp%2Fv2%2Fmedia&parent=21894"}],"wp:term":[{"taxonomy":"category","embeddable":true,"href":"https:\/\/www.lodelmomentoloja.com\/index.php?rest_route=%2Fwp%2Fv2%2Fcategories&post=21894"},{"taxonomy":"post_tag","embeddable":true,"href":"https:\/\/www.lodelmomentoloja.com\/index.php?rest_route=%2Fwp%2Fv2%2Ftags&post=21894"}],"curies":[{"name":"wp","href":"https:\/\/api.w.org\/{rel}","templated":true}]}}