{"id":21764,"date":"2024-08-06T13:16:50","date_gmt":"2024-08-06T13:16:50","guid":{"rendered":"https:\/\/www.lodelmomentoloja.com\/?p=21764"},"modified":"2024-08-06T18:25:32","modified_gmt":"2024-08-06T18:25:32","slug":"anonymous-declara-guerra-cibernetica-a-nicolas-maduro","status":"publish","type":"post","link":"https:\/\/www.lodelmomentoloja.com\/?p=21764","title":{"rendered":"Anonymous declara guerra cibern\u00e9tica a Nicol\u00e1s Maduro"},"content":{"rendered":"<p>\ud83d\udea8\ud83e\udd2f\ud83d\udde3\ufe0f \u00a1Gu3rr4 cibern\u00e9tica! El grupo de hackers \u201cAnonymous\u201d le declar\u00f3 la guerra al presidente de Venezuela Nicol\u00e1s Maduro y, en las \u00faltimas horas, no solo se atribuy\u00f3 el hackeo de m\u00e1s de 45 p\u00e1ginas gubernamentales y aliados al oficialismo; sino que, adem\u00e1s, revel\u00f3 las actas originales que comprobar\u00edan la victoria de Edmundo Gonz\u00e1lez, declarada tambi\u00e9n por la oposici\u00f3n.<\/p>\n<p>\ud83d\udc40\u25b6\ufe0f Video completo:\u00a0 \u00a0<a href=\"https:\/\/www.youtube.com\/watch?v=jTK34LCgpCg\">https:\/\/www.youtube.com\/watch?v=jTK34LCgpCg<\/a><\/p>\n<div style=\"width: 640px;\" class=\"wp-video\"><!--[if lt IE 9]><script>document.createElement('video');<\/script><![endif]-->\n<video class=\"wp-video-shortcode\" id=\"video-21764-1\" width=\"640\" height=\"360\" preload=\"metadata\" controls=\"controls\"><source type=\"video\/mp4\" src=\"http:\/\/www.lodelmomentoloja.com\/wp-content\/uploads\/2024\/08\/GUERRA-CIBERNETICA-EN-MENOS-CALIDAD-1.mp4?_=1\" \/><a href=\"http:\/\/www.lodelmomentoloja.com\/wp-content\/uploads\/2024\/08\/GUERRA-CIBERNETICA-EN-MENOS-CALIDAD-1.mp4\">http:\/\/www.lodelmomentoloja.com\/wp-content\/uploads\/2024\/08\/GUERRA-CIBERNETICA-EN-MENOS-CALIDAD-1.mp4<\/a><\/video><\/div>\n<p>www.lodelmomentoloja.com<br \/>\n#LDMnoticias #lodelmomentolojaLDM<\/p>\n","protected":false},"excerpt":{"rendered":"<p>\ud83d\udea8\ud83e\udd2f\ud83d\udde3\ufe0f \u00a1Gu3rr4 cibern\u00e9tica! El grupo de hackers \u201cAnonymous\u201d le declar\u00f3 la guerra al presidente de&#8230;<\/p>\n","protected":false},"author":1,"featured_media":21766,"comment_status":"open","ping_status":"open","sticky":false,"template":"","format":"standard","meta":{"footnotes":""},"categories":[1,4],"tags":[],"class_list":["post-21764","post","type-post","status-publish","format-standard","has-post-thumbnail","hentry","category-inicio","category-internacional"],"_links":{"self":[{"href":"https:\/\/www.lodelmomentoloja.com\/index.php?rest_route=\/wp\/v2\/posts\/21764"}],"collection":[{"href":"https:\/\/www.lodelmomentoloja.com\/index.php?rest_route=\/wp\/v2\/posts"}],"about":[{"href":"https:\/\/www.lodelmomentoloja.com\/index.php?rest_route=\/wp\/v2\/types\/post"}],"author":[{"embeddable":true,"href":"https:\/\/www.lodelmomentoloja.com\/index.php?rest_route=\/wp\/v2\/users\/1"}],"replies":[{"embeddable":true,"href":"https:\/\/www.lodelmomentoloja.com\/index.php?rest_route=%2Fwp%2Fv2%2Fcomments&post=21764"}],"version-history":[{"count":1,"href":"https:\/\/www.lodelmomentoloja.com\/index.php?rest_route=\/wp\/v2\/posts\/21764\/revisions"}],"predecessor-version":[{"id":21767,"href":"https:\/\/www.lodelmomentoloja.com\/index.php?rest_route=\/wp\/v2\/posts\/21764\/revisions\/21767"}],"wp:featuredmedia":[{"embeddable":true,"href":"https:\/\/www.lodelmomentoloja.com\/index.php?rest_route=\/wp\/v2\/media\/21766"}],"wp:attachment":[{"href":"https:\/\/www.lodelmomentoloja.com\/index.php?rest_route=%2Fwp%2Fv2%2Fmedia&parent=21764"}],"wp:term":[{"taxonomy":"category","embeddable":true,"href":"https:\/\/www.lodelmomentoloja.com\/index.php?rest_route=%2Fwp%2Fv2%2Fcategories&post=21764"},{"taxonomy":"post_tag","embeddable":true,"href":"https:\/\/www.lodelmomentoloja.com\/index.php?rest_route=%2Fwp%2Fv2%2Ftags&post=21764"}],"curies":[{"name":"wp","href":"https:\/\/api.w.org\/{rel}","templated":true}]}}