{"id":21745,"date":"2024-08-06T08:37:13","date_gmt":"2024-08-06T08:37:13","guid":{"rendered":"https:\/\/www.lodelmomentoloja.com\/?p=21745"},"modified":"2024-08-06T13:38:49","modified_gmt":"2024-08-06T13:38:49","slug":"docente-ecuatoriano-procesado-por-el-delito-de-violacion","status":"publish","type":"post","link":"https:\/\/www.lodelmomentoloja.com\/?p=21745","title":{"rendered":"Docente ecuatoriano procesado por el delito de violaci\u00f3n"},"content":{"rendered":"<div class=\"xdj266r x11i5rnm xat24cr x1mh8g0r x1vvkbs x126k92a\">\n<div dir=\"auto\"><span class=\"html-span xexx8yu x4uap5 x18d9i69 xkhd6sd x1hl2dhg x16tdsg8 x1vvkbs x3nfvp2 x1j61x8r x1fcty0u xdj266r xat24cr xgzva0m xhhsvwb xxymvpz xlup9mm x1kky2od\"><img loading=\"lazy\" decoding=\"async\" class=\"xz74otr\" src=\"https:\/\/static.xx.fbcdn.net\/images\/emoji.php\/v9\/t2c\/1\/16\/1f631.png\" alt=\"\ud83d\ude31\" width=\"16\" height=\"16\" \/><\/span><span class=\"html-span xexx8yu x4uap5 x18d9i69 xkhd6sd x1hl2dhg x16tdsg8 x1vvkbs x3nfvp2 x1j61x8r x1fcty0u xdj266r xat24cr xgzva0m xhhsvwb xxymvpz xlup9mm x1kky2od\"><img loading=\"lazy\" decoding=\"async\" class=\"xz74otr\" src=\"https:\/\/static.xx.fbcdn.net\/images\/emoji.php\/v9\/tda\/1\/16\/1f468_1f3fb_200d_1f3eb.png\" alt=\"\ud83d\udc68\ud83c\udffb\u200d\ud83c\udfeb\" width=\"16\" height=\"16\" \/><\/span><span class=\"html-span xexx8yu x4uap5 x18d9i69 xkhd6sd x1hl2dhg x16tdsg8 x1vvkbs x3nfvp2 x1j61x8r x1fcty0u xdj266r xat24cr xgzva0m xhhsvwb xxymvpz xlup9mm x1kky2od\"><img loading=\"lazy\" decoding=\"async\" class=\"xz74otr\" src=\"https:\/\/static.xx.fbcdn.net\/images\/emoji.php\/v9\/ta6\/1\/16\/1f46e_1f3fb_200d_2642.png\" alt=\"\ud83d\udc6e\ud83c\udffb\u200d\u2642\ufe0f\" width=\"16\" height=\"16\" \/><\/span> \u00a1A pagar por sus actos! Un docente ecuatoriano fue ingresado a prisi\u00f3n preventiva tras haber sido detenido por la presunto d3l1t0 de v10l4c10n a una de sus alumnas, de 11 a\u00f1os de edad, seg\u00fan inform\u00f3 en un comunicado la Fiscal\u00eda General del Estado. El suceso ocurri\u00f3 el pasado mi\u00e9rcoles 1 de agosto en la escuela donde trabajaba el docente en la provincia fronteriza de Esmeraldas, situada en la costa norte del pa\u00eds, lim\u00edtrofe con Colombia.<\/div>\n<\/div>\n<div class=\"x11i5rnm xat24cr x1mh8g0r x1vvkbs xtlvy1s x126k92a\">\n<div dir=\"auto\"><span class=\"html-span xdj266r x11i5rnm xat24cr x1mh8g0r xexx8yu x4uap5 x18d9i69 xkhd6sd x1hl2dhg x16tdsg8 x1vvkbs\"><a class=\"x1i10hfl xjbqb8w x1ejq31n xd10rxx x1sy0etr x17r0tee x972fbf xcfux6l x1qhh985 xm0m39n x9f619 x1ypdohk xt0psk2 xe8uvvx xdj266r x11i5rnm xat24cr x1mh8g0r xexx8yu x4uap5 x18d9i69 xkhd6sd x16tdsg8 x1hl2dhg xggy1nq x1a2a7pz x1sur9pj xkrqix3 x1fey0fg\" tabindex=\"0\" role=\"link\" href=\"http:\/\/www.lodelmomentoloja.com\/?fbclid=IwZXh0bgNhZW0CMTAAAR0u5Kcx52uss6qJprHQ97lvyzRO7yDWgbG0IVtgfQ5elbBytYMdr4l3JoI_aem_JattWFwUAShwlW80Ngii2Q\" target=\"_blank\" rel=\"nofollow noopener noreferrer\">www.lodelmomentoloja.com<\/a><\/span><\/div>\n<div dir=\"auto\"><span class=\"html-span xdj266r x11i5rnm xat24cr x1mh8g0r xexx8yu x4uap5 x18d9i69 xkhd6sd x1hl2dhg x16tdsg8 x1vvkbs\"><a class=\"x1i10hfl xjbqb8w x1ejq31n xd10rxx x1sy0etr x17r0tee x972fbf xcfux6l x1qhh985 xm0m39n x9f619 x1ypdohk xt0psk2 xe8uvvx xdj266r x11i5rnm xat24cr x1mh8g0r xexx8yu x4uap5 x18d9i69 xkhd6sd x16tdsg8 x1hl2dhg xggy1nq x1a2a7pz x1sur9pj xkrqix3 x1fey0fg xo1l8bm\" tabindex=\"0\" role=\"link\" href=\"https:\/\/www.facebook.com\/hashtag\/ldmnoticias?__eep__=6&amp;__cft__[0]=AZXS35_I8lVE0wKnXnUEHhwaWWesUHMYS6gEckv9TDgh9ZpARDu3uTt15DxX0E5Oo_CYVaWY_i4fpL4PuWfgqwSok8IkPGSOslbJTC92X3MRZN0yMoLcTdNrWdHYOeSXuf_nkKqTS7UJnG_DY_dHWtF5cZD-x53mMbnXu8mrpJwKIAlmD3iMvP2q7e27Lv3kVZiS17NBsuXuwYFitIQdF3gi&amp;__tn__=*NK-R\">#LDMnoticias<\/a><\/span> <span class=\"html-span xdj266r x11i5rnm xat24cr x1mh8g0r xexx8yu x4uap5 x18d9i69 xkhd6sd x1hl2dhg x16tdsg8 x1vvkbs\"><a class=\"x1i10hfl xjbqb8w x1ejq31n xd10rxx x1sy0etr x17r0tee x972fbf xcfux6l x1qhh985 xm0m39n x9f619 x1ypdohk xt0psk2 xe8uvvx xdj266r x11i5rnm xat24cr x1mh8g0r xexx8yu x4uap5 x18d9i69 xkhd6sd x16tdsg8 x1hl2dhg xggy1nq x1a2a7pz x1sur9pj xkrqix3 x1fey0fg xo1l8bm\" tabindex=\"0\" role=\"link\" href=\"https:\/\/www.facebook.com\/hashtag\/lodelmomentolojaldm?__eep__=6&amp;__cft__[0]=AZXS35_I8lVE0wKnXnUEHhwaWWesUHMYS6gEckv9TDgh9ZpARDu3uTt15DxX0E5Oo_CYVaWY_i4fpL4PuWfgqwSok8IkPGSOslbJTC92X3MRZN0yMoLcTdNrWdHYOeSXuf_nkKqTS7UJnG_DY_dHWtF5cZD-x53mMbnXu8mrpJwKIAlmD3iMvP2q7e27Lv3kVZiS17NBsuXuwYFitIQdF3gi&amp;__tn__=*NK-R\">#lodelmomentolojaLDM<\/a><\/span><\/div>\n<\/div>\n","protected":false},"excerpt":{"rendered":"<p>\u00a1A pagar por sus actos! Un docente ecuatoriano fue ingresado a prisi\u00f3n preventiva tras haber&#8230;<\/p>\n","protected":false},"author":1,"featured_media":21746,"comment_status":"open","ping_status":"open","sticky":false,"template":"","format":"standard","meta":{"footnotes":""},"categories":[7,1],"tags":[],"class_list":["post-21745","post","type-post","status-publish","format-standard","has-post-thumbnail","hentry","category-ecuador","category-inicio"],"_links":{"self":[{"href":"https:\/\/www.lodelmomentoloja.com\/index.php?rest_route=\/wp\/v2\/posts\/21745"}],"collection":[{"href":"https:\/\/www.lodelmomentoloja.com\/index.php?rest_route=\/wp\/v2\/posts"}],"about":[{"href":"https:\/\/www.lodelmomentoloja.com\/index.php?rest_route=\/wp\/v2\/types\/post"}],"author":[{"embeddable":true,"href":"https:\/\/www.lodelmomentoloja.com\/index.php?rest_route=\/wp\/v2\/users\/1"}],"replies":[{"embeddable":true,"href":"https:\/\/www.lodelmomentoloja.com\/index.php?rest_route=%2Fwp%2Fv2%2Fcomments&post=21745"}],"version-history":[{"count":1,"href":"https:\/\/www.lodelmomentoloja.com\/index.php?rest_route=\/wp\/v2\/posts\/21745\/revisions"}],"predecessor-version":[{"id":21747,"href":"https:\/\/www.lodelmomentoloja.com\/index.php?rest_route=\/wp\/v2\/posts\/21745\/revisions\/21747"}],"wp:featuredmedia":[{"embeddable":true,"href":"https:\/\/www.lodelmomentoloja.com\/index.php?rest_route=\/wp\/v2\/media\/21746"}],"wp:attachment":[{"href":"https:\/\/www.lodelmomentoloja.com\/index.php?rest_route=%2Fwp%2Fv2%2Fmedia&parent=21745"}],"wp:term":[{"taxonomy":"category","embeddable":true,"href":"https:\/\/www.lodelmomentoloja.com\/index.php?rest_route=%2Fwp%2Fv2%2Fcategories&post=21745"},{"taxonomy":"post_tag","embeddable":true,"href":"https:\/\/www.lodelmomentoloja.com\/index.php?rest_route=%2Fwp%2Fv2%2Ftags&post=21745"}],"curies":[{"name":"wp","href":"https:\/\/api.w.org\/{rel}","templated":true}]}}