{"id":21650,"date":"2024-07-31T14:38:59","date_gmt":"2024-07-31T14:38:59","guid":{"rendered":"https:\/\/www.lodelmomentoloja.com\/?p=21650"},"modified":"2024-07-31T19:41:16","modified_gmt":"2024-07-31T19:41:16","slug":"kitu-diaz-no-seguira-en-el-bsc","status":"publish","type":"post","link":"https:\/\/www.lodelmomentoloja.com\/?p=21650","title":{"rendered":"Kitu D\u00edaz no seguir\u00e1 en el BSC"},"content":{"rendered":"<p>\u26bd\ud83d\udfe1\ud83c\udfdf\ufe0f \u00a1Al Kitu, nooo! Seg\u00fan el periodista Christian Carrasco, el nuevo proyecto del Barcelona S.C con Ariel Holan no tiene en sus planes al legendario Dami\u00e1n &#8220;Kitu&#8221; D\u00edaz pese a tener un contrato hasta el 31 de diciembre del 2025, lo que cierra una historia de participaci\u00f3n en el \u00eddolo del Ecuador, dejando 3 t\u00edtulos nacionales desde su llegada en el 2011 y convirti\u00e9ndolo en el cuarto m\u00e1ximo goleador del club con 89 tantos.<\/p>\n<p><img loading=\"lazy\" decoding=\"async\" class=\"alignnone size-medium wp-image-21651\" src=\"http:\/\/www.lodelmomentoloja.com\/wp-content\/uploads\/2024\/07\/IMG-20240731-WA0087-266x300.jpg\" alt=\"\" width=\"266\" height=\"300\" srcset=\"https:\/\/www.lodelmomentoloja.com\/wp-content\/uploads\/2024\/07\/IMG-20240731-WA0087-266x300.jpg 266w, https:\/\/www.lodelmomentoloja.com\/wp-content\/uploads\/2024\/07\/IMG-20240731-WA0087-906x1024.jpg 906w, https:\/\/www.lodelmomentoloja.com\/wp-content\/uploads\/2024\/07\/IMG-20240731-WA0087-768x868.jpg 768w, https:\/\/www.lodelmomentoloja.com\/wp-content\/uploads\/2024\/07\/IMG-20240731-WA0087-640x723.jpg 640w, https:\/\/www.lodelmomentoloja.com\/wp-content\/uploads\/2024\/07\/IMG-20240731-WA0087-1359x1536.jpg 1359w, https:\/\/www.lodelmomentoloja.com\/wp-content\/uploads\/2024\/07\/IMG-20240731-WA0087-1024x1157.jpg 1024w, https:\/\/www.lodelmomentoloja.com\/wp-content\/uploads\/2024\/07\/IMG-20240731-WA0087.jpg 1416w\" sizes=\"(max-width: 266px) 100vw, 266px\" \/><\/p>\n<p>www.lodelmomentoloja.com<br \/>\n#LDMnoticias #lodelmomentolojaLDM<\/p>\n","protected":false},"excerpt":{"rendered":"<p>\u26bd\ud83d\udfe1\ud83c\udfdf\ufe0f \u00a1Al Kitu, nooo! Seg\u00fan el periodista Christian Carrasco, el nuevo proyecto del Barcelona S.C&#8230;<\/p>\n","protected":false},"author":1,"featured_media":21652,"comment_status":"open","ping_status":"open","sticky":false,"template":"","format":"standard","meta":{"footnotes":""},"categories":[7,1],"tags":[],"class_list":["post-21650","post","type-post","status-publish","format-standard","has-post-thumbnail","hentry","category-ecuador","category-inicio"],"_links":{"self":[{"href":"https:\/\/www.lodelmomentoloja.com\/index.php?rest_route=\/wp\/v2\/posts\/21650"}],"collection":[{"href":"https:\/\/www.lodelmomentoloja.com\/index.php?rest_route=\/wp\/v2\/posts"}],"about":[{"href":"https:\/\/www.lodelmomentoloja.com\/index.php?rest_route=\/wp\/v2\/types\/post"}],"author":[{"embeddable":true,"href":"https:\/\/www.lodelmomentoloja.com\/index.php?rest_route=\/wp\/v2\/users\/1"}],"replies":[{"embeddable":true,"href":"https:\/\/www.lodelmomentoloja.com\/index.php?rest_route=%2Fwp%2Fv2%2Fcomments&post=21650"}],"version-history":[{"count":1,"href":"https:\/\/www.lodelmomentoloja.com\/index.php?rest_route=\/wp\/v2\/posts\/21650\/revisions"}],"predecessor-version":[{"id":21653,"href":"https:\/\/www.lodelmomentoloja.com\/index.php?rest_route=\/wp\/v2\/posts\/21650\/revisions\/21653"}],"wp:featuredmedia":[{"embeddable":true,"href":"https:\/\/www.lodelmomentoloja.com\/index.php?rest_route=\/wp\/v2\/media\/21652"}],"wp:attachment":[{"href":"https:\/\/www.lodelmomentoloja.com\/index.php?rest_route=%2Fwp%2Fv2%2Fmedia&parent=21650"}],"wp:term":[{"taxonomy":"category","embeddable":true,"href":"https:\/\/www.lodelmomentoloja.com\/index.php?rest_route=%2Fwp%2Fv2%2Fcategories&post=21650"},{"taxonomy":"post_tag","embeddable":true,"href":"https:\/\/www.lodelmomentoloja.com\/index.php?rest_route=%2Fwp%2Fv2%2Ftags&post=21650"}],"curies":[{"name":"wp","href":"https:\/\/api.w.org\/{rel}","templated":true}]}}