{"id":2155,"date":"2021-01-29T14:15:00","date_gmt":"2021-01-29T14:15:00","guid":{"rendered":"http:\/\/www.lodelmomentoloja.com\/?p=2155"},"modified":"2021-01-29T19:15:40","modified_gmt":"2021-01-29T19:15:40","slug":"fiscalia-abre-investigacion-previa-en-contra-del-ministro-de-salud","status":"publish","type":"post","link":"https:\/\/www.lodelmomentoloja.com\/?p=2155","title":{"rendered":"Fiscal\u00eda abre investigaci\u00f3n previa en contra del Ministro de Salud."},"content":{"rendered":"<div class=\"kvgmc6g5 cxmmr5t8 oygrvhab hcukyx3x c1et5uql ii04i59q\">\n<div dir=\"auto\"><a class=\"oajrlxb2 g5ia77u1 qu0x051f esr5mh6w e9989ue4 r7d6kgcz rq0escxv nhd2j8a9 nc684nl6 p7hjln8o kvgmc6g5 cxmmr5t8 oygrvhab hcukyx3x jb3vyjys rz4wbd8a qt6c0cv9 a8nywdso i1ao9s8h esuyzwwr f1sip0of lzcic4wl q66pz984 gpro0wi8 b1v8xokw\" tabindex=\"0\" role=\"link\" href=\"https:\/\/www.facebook.com\/hashtag\/ecuador?__eep__=6&amp;__cft__[0]=AZXcIp7FpGRPmKOYVgJN2gOEIPEY-kN4E8O-S381dYKC0AuT-TuGpoMW3YFvkiEIg_DUicKyV5pBgecsZTNAwuel0tpwPTJNZ4NjZG00jWSDUN3Bnh7u-YdU2n3zt-DGQj44euhf22ImrtsSpCNCilV7M14ejqh-_jjun1P_jo0-b-x9WzsbT6L9_xHuo2sf-iM&amp;__tn__=*NK-R\">#Ecuador<\/a> | Fiscal\u00eda abre investigaci\u00f3n previa en contra del Ministro de Salud.<\/div>\n<div dir=\"auto\"><\/div>\n<\/div>\n<div class=\"o9v6fnle cxmmr5t8 oygrvhab hcukyx3x c1et5uql ii04i59q\">\n<div dir=\"auto\">Fiscal\u00eda General del Estado decidi\u00f3 abrir una investigaci\u00f3n previa en contra del Ministro de Salud, Juan Carlos Zevallos por el caso de vacunas privilegiadas. El ministro habr\u00eda privilegiado a sus familiares para recibir las escasas vacunas que llegaron al pa\u00eds los d\u00edas anteriores. Dichas vacunas se las habr\u00eda administrado en la casa de estancia privada de Los Valles en Quito.<\/div>\n<div dir=\"auto\"><\/div>\n<\/div>\n<div class=\"o9v6fnle cxmmr5t8 oygrvhab hcukyx3x c1et5uql ii04i59q\">\n<div dir=\"auto\">Frente a ello la poblaci\u00f3n se ha indignado por el actuar del Ministro de Salud. Por lo que el pasado 26 de enero de 2021 el colectivo de constitucionalismo popular Acci\u00f3n Jur\u00eddica Popular, decidi\u00f3 interponer una denuncia por el presunto delito de tr\u00e1fico de influencias en contra de Zevallos.<\/div>\n<div dir=\"auto\"><\/div>\n<\/div>\n<div class=\"o9v6fnle cxmmr5t8 oygrvhab hcukyx3x c1et5uql ii04i59q\">\n<div dir=\"auto\">El d\u00eda de ayer, 28 de enero de 2021, la Fiscal\u00eda decidi\u00f3 abrir investigaci\u00f3n previa en contra del Ministro de Salud por el proceso de distribuci\u00f3n de las vacunas y lo cita a declarar el 01 de febrero del presente.<\/div>\n<div dir=\"auto\"><\/div>\n<\/div>\n<div class=\"o9v6fnle cxmmr5t8 oygrvhab hcukyx3x c1et5uql ii04i59q\">\n<div dir=\"auto\">Lea la nota de la denuncia en el siguiente link: <a class=\"oajrlxb2 g5ia77u1 qu0x051f esr5mh6w e9989ue4 r7d6kgcz rq0escxv nhd2j8a9 nc684nl6 p7hjln8o kvgmc6g5 cxmmr5t8 oygrvhab hcukyx3x jb3vyjys rz4wbd8a qt6c0cv9 a8nywdso i1ao9s8h esuyzwwr f1sip0of lzcic4wl oo9gr5id gpro0wi8 lrazzd5p\" tabindex=\"0\" role=\"link\" href=\"https:\/\/www.facebook.com\/lodelmomentolojaLDM\/photos\/a.307052460064851\/902968017139956\/?__cft__[0]=AZXcIp7FpGRPmKOYVgJN2gOEIPEY-kN4E8O-S381dYKC0AuT-TuGpoMW3YFvkiEIg_DUicKyV5pBgecsZTNAwuel0tpwPTJNZ4NjZG00jWSDUN3Bnh7u-YdU2n3zt-DGQj44euhf22ImrtsSpCNCilV7M14ejqh-_jjun1P_jo0-b-x9WzsbT6L9_xHuo2sf-iM&amp;__tn__=-UK-R\">https:\/\/www.facebook.com\/&#8230;\/a.307052460&#8230;\/902968017139956\/<\/a><\/div>\n<div dir=\"auto\"><\/div>\n<\/div>\n<div class=\"o9v6fnle cxmmr5t8 oygrvhab hcukyx3x c1et5uql ii04i59q\">\n<div dir=\"auto\"><a class=\"oajrlxb2 g5ia77u1 qu0x051f esr5mh6w e9989ue4 r7d6kgcz rq0escxv nhd2j8a9 nc684nl6 p7hjln8o kvgmc6g5 cxmmr5t8 oygrvhab hcukyx3x jb3vyjys rz4wbd8a qt6c0cv9 a8nywdso i1ao9s8h esuyzwwr f1sip0of lzcic4wl py34i1dx gpro0wi8\" tabindex=\"0\" role=\"link\" href=\"https:\/\/l.facebook.com\/l.php?u=http%3A%2F%2Fwww.lodelmomentoloja.com%2F%3Ffbclid%3DIwAR2JrUYMRwG6-K7xy3hc9uq1KP-IdFUpu3Xw9VD4ANcXSAI9km-wvjxLqeg&amp;h=AT0PMGEI2fwsHBMK6Vv8OaSyB05aRFgbF5h-M5DkdIlgVOzVSf7-uyeYVu43fJ6GNJ186mYuTSIXz4_gTXP-dpAAqtzZQoVjeS3HnBOapi8Js_armmoc0uhSqCNnKhKe&amp;__tn__=-UK-R&amp;c[0]=AT2B-mXPetrTKqg2uh6H6SRKJ_thaXDUn0igsdiZbWOlcHXjd7esYJYBtok69B8p5A3HsRFqFUwK9p_0YiOFBL_jIKLonpoSkG2rdN5nk2zweNrtdeQfqsCO3SK2gzbmAy6GCEaLpCGuwQApUKJRTi02Ukc3MRDcEEpzVcrYMrUq8C3g7RCuJkaz8RKLnqykSDatlA4\" target=\"_blank\" rel=\"nofollow noopener\">www.lodelmomentoloja.com<\/a><\/div>\n<div dir=\"auto\"><a class=\"oajrlxb2 g5ia77u1 qu0x051f esr5mh6w e9989ue4 r7d6kgcz rq0escxv nhd2j8a9 nc684nl6 p7hjln8o kvgmc6g5 cxmmr5t8 oygrvhab hcukyx3x jb3vyjys rz4wbd8a qt6c0cv9 a8nywdso i1ao9s8h esuyzwwr f1sip0of lzcic4wl q66pz984 gpro0wi8 b1v8xokw\" tabindex=\"0\" role=\"link\" href=\"https:\/\/www.facebook.com\/hashtag\/ldmnoticias?__eep__=6&amp;__cft__[0]=AZXcIp7FpGRPmKOYVgJN2gOEIPEY-kN4E8O-S381dYKC0AuT-TuGpoMW3YFvkiEIg_DUicKyV5pBgecsZTNAwuel0tpwPTJNZ4NjZG00jWSDUN3Bnh7u-YdU2n3zt-DGQj44euhf22ImrtsSpCNCilV7M14ejqh-_jjun1P_jo0-b-x9WzsbT6L9_xHuo2sf-iM&amp;__tn__=*NK-R\">#LDMnoticias<\/a> <a class=\"oajrlxb2 g5ia77u1 qu0x051f esr5mh6w e9989ue4 r7d6kgcz rq0escxv nhd2j8a9 nc684nl6 p7hjln8o kvgmc6g5 cxmmr5t8 oygrvhab hcukyx3x jb3vyjys rz4wbd8a qt6c0cv9 a8nywdso i1ao9s8h esuyzwwr f1sip0of lzcic4wl q66pz984 gpro0wi8 b1v8xokw\" tabindex=\"0\" role=\"link\" href=\"https:\/\/www.facebook.com\/hashtag\/lodelmomentolojaldm?__eep__=6&amp;__cft__[0]=AZXcIp7FpGRPmKOYVgJN2gOEIPEY-kN4E8O-S381dYKC0AuT-TuGpoMW3YFvkiEIg_DUicKyV5pBgecsZTNAwuel0tpwPTJNZ4NjZG00jWSDUN3Bnh7u-YdU2n3zt-DGQj44euhf22ImrtsSpCNCilV7M14ejqh-_jjun1P_jo0-b-x9WzsbT6L9_xHuo2sf-iM&amp;__tn__=*NK-R\">#lodelmomentolojaLDM<\/a><\/div>\n<\/div>\n","protected":false},"excerpt":{"rendered":"<p>#Ecuador | Fiscal\u00eda abre investigaci\u00f3n previa en contra del Ministro de Salud. Fiscal\u00eda General del&#8230;<\/p>\n","protected":false},"author":1,"featured_media":2156,"comment_status":"open","ping_status":"open","sticky":false,"template":"","format":"standard","meta":{"footnotes":""},"categories":[1],"tags":[],"class_list":["post-2155","post","type-post","status-publish","format-standard","has-post-thumbnail","hentry","category-inicio"],"_links":{"self":[{"href":"https:\/\/www.lodelmomentoloja.com\/index.php?rest_route=\/wp\/v2\/posts\/2155"}],"collection":[{"href":"https:\/\/www.lodelmomentoloja.com\/index.php?rest_route=\/wp\/v2\/posts"}],"about":[{"href":"https:\/\/www.lodelmomentoloja.com\/index.php?rest_route=\/wp\/v2\/types\/post"}],"author":[{"embeddable":true,"href":"https:\/\/www.lodelmomentoloja.com\/index.php?rest_route=\/wp\/v2\/users\/1"}],"replies":[{"embeddable":true,"href":"https:\/\/www.lodelmomentoloja.com\/index.php?rest_route=%2Fwp%2Fv2%2Fcomments&post=2155"}],"version-history":[{"count":1,"href":"https:\/\/www.lodelmomentoloja.com\/index.php?rest_route=\/wp\/v2\/posts\/2155\/revisions"}],"predecessor-version":[{"id":2157,"href":"https:\/\/www.lodelmomentoloja.com\/index.php?rest_route=\/wp\/v2\/posts\/2155\/revisions\/2157"}],"wp:featuredmedia":[{"embeddable":true,"href":"https:\/\/www.lodelmomentoloja.com\/index.php?rest_route=\/wp\/v2\/media\/2156"}],"wp:attachment":[{"href":"https:\/\/www.lodelmomentoloja.com\/index.php?rest_route=%2Fwp%2Fv2%2Fmedia&parent=2155"}],"wp:term":[{"taxonomy":"category","embeddable":true,"href":"https:\/\/www.lodelmomentoloja.com\/index.php?rest_route=%2Fwp%2Fv2%2Fcategories&post=2155"},{"taxonomy":"post_tag","embeddable":true,"href":"https:\/\/www.lodelmomentoloja.com\/index.php?rest_route=%2Fwp%2Fv2%2Ftags&post=2155"}],"curies":[{"name":"wp","href":"https:\/\/api.w.org\/{rel}","templated":true}]}}