{"id":21526,"date":"2024-07-24T10:51:09","date_gmt":"2024-07-24T10:51:09","guid":{"rendered":"https:\/\/www.lodelmomentoloja.com\/?p=21526"},"modified":"2024-07-24T15:57:04","modified_gmt":"2024-07-24T15:57:04","slug":"carlos-rabascall-sera-el-candidato-a-la-presidencia-por-id","status":"publish","type":"post","link":"https:\/\/www.lodelmomentoloja.com\/?p=21526","title":{"rendered":"Carlos Rabascall ser\u00e1 el candidato a la presidencia por ID"},"content":{"rendered":"<p>\ud83c\uddea\ud83c\udde8\ud83d\udfe0\ud83d\udc40 \u00a1El nuevo rostro! Tras informaci\u00f3n emitida por el periodista Fabricio Vela, a trav\u00e9s de sus redes sociales, anuncia que el empresario, pol\u00edtico e Ing. Comercial Carlos Xavier Rabascall Salazar, seria el precandidato presidencial para los comicios 2025, por el partido Izquierda Democr\u00e1tica (ID) Lista 12. Adem\u00e1s, el anuncio oficial se realizar\u00eda este 27 de julio del 2024.<\/p>\n<p>Cabe destacar que, en diciembre de 2020, Rabascall form\u00f3 parte del binomio de Uni\u00f3n por la Esperanza junto Andr\u00e9s Arauz, en las elecciones presidenciales de Ecuador previstas para febrero de 2021.<\/p>\n<p>www.lodelmomentoloja.com<br \/>\n#LDMnoticias #lodelmomentolojaLDM<\/p>\n","protected":false},"excerpt":{"rendered":"<p>\ud83c\uddea\ud83c\udde8\ud83d\udfe0\ud83d\udc40 \u00a1El nuevo rostro! Tras informaci\u00f3n emitida por el periodista Fabricio Vela, a trav\u00e9s de&#8230;<\/p>\n","protected":false},"author":1,"featured_media":21527,"comment_status":"open","ping_status":"open","sticky":false,"template":"","format":"standard","meta":{"footnotes":""},"categories":[7,1],"tags":[],"class_list":["post-21526","post","type-post","status-publish","format-standard","has-post-thumbnail","hentry","category-ecuador","category-inicio"],"_links":{"self":[{"href":"https:\/\/www.lodelmomentoloja.com\/index.php?rest_route=\/wp\/v2\/posts\/21526"}],"collection":[{"href":"https:\/\/www.lodelmomentoloja.com\/index.php?rest_route=\/wp\/v2\/posts"}],"about":[{"href":"https:\/\/www.lodelmomentoloja.com\/index.php?rest_route=\/wp\/v2\/types\/post"}],"author":[{"embeddable":true,"href":"https:\/\/www.lodelmomentoloja.com\/index.php?rest_route=\/wp\/v2\/users\/1"}],"replies":[{"embeddable":true,"href":"https:\/\/www.lodelmomentoloja.com\/index.php?rest_route=%2Fwp%2Fv2%2Fcomments&post=21526"}],"version-history":[{"count":1,"href":"https:\/\/www.lodelmomentoloja.com\/index.php?rest_route=\/wp\/v2\/posts\/21526\/revisions"}],"predecessor-version":[{"id":21528,"href":"https:\/\/www.lodelmomentoloja.com\/index.php?rest_route=\/wp\/v2\/posts\/21526\/revisions\/21528"}],"wp:featuredmedia":[{"embeddable":true,"href":"https:\/\/www.lodelmomentoloja.com\/index.php?rest_route=\/wp\/v2\/media\/21527"}],"wp:attachment":[{"href":"https:\/\/www.lodelmomentoloja.com\/index.php?rest_route=%2Fwp%2Fv2%2Fmedia&parent=21526"}],"wp:term":[{"taxonomy":"category","embeddable":true,"href":"https:\/\/www.lodelmomentoloja.com\/index.php?rest_route=%2Fwp%2Fv2%2Fcategories&post=21526"},{"taxonomy":"post_tag","embeddable":true,"href":"https:\/\/www.lodelmomentoloja.com\/index.php?rest_route=%2Fwp%2Fv2%2Ftags&post=21526"}],"curies":[{"name":"wp","href":"https:\/\/api.w.org\/{rel}","templated":true}]}}