{"id":2150,"date":"2021-01-29T14:15:36","date_gmt":"2021-01-29T14:15:36","guid":{"rendered":"http:\/\/www.lodelmomentoloja.com\/?p=2150"},"modified":"2021-01-29T19:13:47","modified_gmt":"2021-01-29T19:13:47","slug":"una-menor-de-12-anos-contagiada-con-la-nueva-variante-de-covid-19","status":"publish","type":"post","link":"https:\/\/www.lodelmomentoloja.com\/?p=2150","title":{"rendered":"Una menor de 12 a\u00f1os contagiada con la nueva variante de COVID-19."},"content":{"rendered":"<div class=\"kvgmc6g5 cxmmr5t8 oygrvhab hcukyx3x c1et5uql ii04i59q\">\n<div dir=\"auto\"><a class=\"oajrlxb2 g5ia77u1 qu0x051f esr5mh6w e9989ue4 r7d6kgcz rq0escxv nhd2j8a9 nc684nl6 p7hjln8o kvgmc6g5 cxmmr5t8 oygrvhab hcukyx3x jb3vyjys rz4wbd8a qt6c0cv9 a8nywdso i1ao9s8h esuyzwwr f1sip0of lzcic4wl q66pz984 gpro0wi8 b1v8xokw\" tabindex=\"0\" role=\"link\" href=\"https:\/\/www.facebook.com\/hashtag\/ecuador?__eep__=6&amp;__cft__[0]=AZUt1DuUv5cxgXVevG7TclcA4-CFNxoDiJiaAWwRWOaK-Cg7VdLBQ8jpNIBQGUBw3srYaqrZ4F7ERSNlZFN4x_lCvQixOFkgb69sXcUldNZgIo3nNmNEYYd2dpJMd2SbftTzIBT0WNvNYr_h-jib1O-pJoYklKQ_OqncUwZtkHT3Z9ObWoU3xybau87FPeN19BE&amp;__tn__=*NK-R\">#Ecuador<\/a> | Una menor de 12 a\u00f1os contagiada con la nueva variante de COVID-19.<\/div>\n<div dir=\"auto\"><\/div>\n<\/div>\n<div class=\"o9v6fnle cxmmr5t8 oygrvhab hcukyx3x c1et5uql ii04i59q\">\n<div dir=\"auto\">El Ministerio de Salud P\u00fablica (MSP) informa que se registraron en Pichincha dos nuevos casos con la nueva variante (B1.1.7) del virus de la COVID-19, que fue reportado por Reino Unido a la Organizaci\u00f3n Mundial de la Salud (OMS) el pasado 14 de diciembre de 2020.<\/div>\n<div dir=\"auto\"><\/div>\n<\/div>\n<div class=\"o9v6fnle cxmmr5t8 oygrvhab hcukyx3x c1et5uql ii04i59q\">\n<div dir=\"auto\">Estos casos responden a un hombre de 64 a\u00f1os y una ni\u00f1a de 12 a\u00f1os, sin relaci\u00f3n alguna. El primero ingres\u00f3 a territorio nacional con prueba RT-PCR negativa, el pasado 11 de enero, proveniente de Reino Unido. La segunda paciente, no registra viajes en los \u00faltimos seismeses. Ambos ciudadanos reciben tratamiento m\u00e9dico en dos casas de salud de Quito.<\/div>\n<div dir=\"auto\"><\/div>\n<\/div>\n<div class=\"o9v6fnle cxmmr5t8 oygrvhab hcukyx3x c1et5uql ii04i59q\">\n<div dir=\"auto\">Las pruebas para detectar el agente infeccioso fueron tomadas por profesionales del Instituto Nacional de Investigaci\u00f3n en Salud P\u00fablica (Inspi) y derivadas para su an\u00e1lisis gen\u00f3mico a la Universidad San Francisco de Quito (USFQ).<\/div>\n<div dir=\"auto\"><\/div>\n<\/div>\n<div class=\"o9v6fnle cxmmr5t8 oygrvhab hcukyx3x c1et5uql ii04i59q\">\n<div dir=\"auto\">Los dos pacientes que presentan la nueva variante de la COVID-19 son atendidos por personal y profesionales de salud del MSP. Actualmente est\u00e1n en la Unidad de Cuidados Intensivos (UCI) de dos casas de salud y sus diagn\u00f3sticos son reservados.<\/div>\n<div dir=\"auto\"><\/div>\n<\/div>\n<div class=\"o9v6fnle cxmmr5t8 oygrvhab hcukyx3x c1et5uql ii04i59q\">\n<div dir=\"auto\">A la fecha, varios familiares de los pacientes presentan s\u00edntomas, permanecen con aislamiento domiciliario y bajo control y vigilancia epidemiol\u00f3gica.<\/div>\n<\/div>\n<div class=\"o9v6fnle cxmmr5t8 oygrvhab hcukyx3x c1et5uql ii04i59q\">\n<div dir=\"auto\"><a class=\"oajrlxb2 g5ia77u1 qu0x051f esr5mh6w e9989ue4 r7d6kgcz rq0escxv nhd2j8a9 nc684nl6 p7hjln8o kvgmc6g5 cxmmr5t8 oygrvhab hcukyx3x jb3vyjys rz4wbd8a qt6c0cv9 a8nywdso i1ao9s8h esuyzwwr f1sip0of lzcic4wl py34i1dx gpro0wi8\" tabindex=\"0\" role=\"link\" href=\"https:\/\/l.facebook.com\/l.php?u=http%3A%2F%2Fwww.lodelmomentoloja.com%2F%3Ffbclid%3DIwAR1Rp7YRDETsjlMeC5lCp5U583dmox2-Wscek_OkmoJhDrOKrq-GGMs0W-s&amp;h=AT0PMGEI2fwsHBMK6Vv8OaSyB05aRFgbF5h-M5DkdIlgVOzVSf7-uyeYVu43fJ6GNJ186mYuTSIXz4_gTXP-dpAAqtzZQoVjeS3HnBOapi8Js_armmoc0uhSqCNnKhKe&amp;__tn__=-UK-R&amp;c[0]=AT3SlFTPPhfNL9ShxoxHT1t1acv4xxCCRLto3O1X9aBT5W-v5ao5ncxH1ZUXDJe4qj3WutTFdil6MDAu1Rl98FmzLkdhT3sdaUwAcK-hfiJcJaQFVZquc5UcYc_Nmb3nzC7SsEJeEpjXg4xpDxBpTt_CPChaeyRABHPnutuTWxuuTpOAbWdoN8MK8zqC_zbUbwF5e5A\" target=\"_blank\" rel=\"nofollow noopener\">www.lodelmomentoloja.com<\/a><\/div>\n<div dir=\"auto\"><a class=\"oajrlxb2 g5ia77u1 qu0x051f esr5mh6w e9989ue4 r7d6kgcz rq0escxv nhd2j8a9 nc684nl6 p7hjln8o kvgmc6g5 cxmmr5t8 oygrvhab hcukyx3x jb3vyjys rz4wbd8a qt6c0cv9 a8nywdso i1ao9s8h esuyzwwr f1sip0of lzcic4wl q66pz984 gpro0wi8 b1v8xokw\" tabindex=\"0\" role=\"link\" href=\"https:\/\/www.facebook.com\/hashtag\/ldmnoticias?__eep__=6&amp;__cft__[0]=AZUt1DuUv5cxgXVevG7TclcA4-CFNxoDiJiaAWwRWOaK-Cg7VdLBQ8jpNIBQGUBw3srYaqrZ4F7ERSNlZFN4x_lCvQixOFkgb69sXcUldNZgIo3nNmNEYYd2dpJMd2SbftTzIBT0WNvNYr_h-jib1O-pJoYklKQ_OqncUwZtkHT3Z9ObWoU3xybau87FPeN19BE&amp;__tn__=*NK-R\">#LDMnoticias<\/a> <a class=\"oajrlxb2 g5ia77u1 qu0x051f esr5mh6w e9989ue4 r7d6kgcz rq0escxv nhd2j8a9 nc684nl6 p7hjln8o kvgmc6g5 cxmmr5t8 oygrvhab hcukyx3x jb3vyjys rz4wbd8a qt6c0cv9 a8nywdso i1ao9s8h esuyzwwr f1sip0of lzcic4wl q66pz984 gpro0wi8 b1v8xokw\" tabindex=\"0\" role=\"link\" href=\"https:\/\/www.facebook.com\/hashtag\/lodelmomentolojaldm?__eep__=6&amp;__cft__[0]=AZUt1DuUv5cxgXVevG7TclcA4-CFNxoDiJiaAWwRWOaK-Cg7VdLBQ8jpNIBQGUBw3srYaqrZ4F7ERSNlZFN4x_lCvQixOFkgb69sXcUldNZgIo3nNmNEYYd2dpJMd2SbftTzIBT0WNvNYr_h-jib1O-pJoYklKQ_OqncUwZtkHT3Z9ObWoU3xybau87FPeN19BE&amp;__tn__=*NK-R\">#lodelmomentolojaLDM<\/a><\/div>\n<\/div>\n","protected":false},"excerpt":{"rendered":"<p>#Ecuador | Una menor de 12 a\u00f1os contagiada con la nueva variante de COVID-19. El&#8230;<\/p>\n","protected":false},"author":1,"featured_media":2153,"comment_status":"open","ping_status":"open","sticky":false,"template":"","format":"standard","meta":{"footnotes":""},"categories":[1],"tags":[],"class_list":["post-2150","post","type-post","status-publish","format-standard","has-post-thumbnail","hentry","category-inicio"],"_links":{"self":[{"href":"https:\/\/www.lodelmomentoloja.com\/index.php?rest_route=\/wp\/v2\/posts\/2150"}],"collection":[{"href":"https:\/\/www.lodelmomentoloja.com\/index.php?rest_route=\/wp\/v2\/posts"}],"about":[{"href":"https:\/\/www.lodelmomentoloja.com\/index.php?rest_route=\/wp\/v2\/types\/post"}],"author":[{"embeddable":true,"href":"https:\/\/www.lodelmomentoloja.com\/index.php?rest_route=\/wp\/v2\/users\/1"}],"replies":[{"embeddable":true,"href":"https:\/\/www.lodelmomentoloja.com\/index.php?rest_route=%2Fwp%2Fv2%2Fcomments&post=2150"}],"version-history":[{"count":1,"href":"https:\/\/www.lodelmomentoloja.com\/index.php?rest_route=\/wp\/v2\/posts\/2150\/revisions"}],"predecessor-version":[{"id":2154,"href":"https:\/\/www.lodelmomentoloja.com\/index.php?rest_route=\/wp\/v2\/posts\/2150\/revisions\/2154"}],"wp:featuredmedia":[{"embeddable":true,"href":"https:\/\/www.lodelmomentoloja.com\/index.php?rest_route=\/wp\/v2\/media\/2153"}],"wp:attachment":[{"href":"https:\/\/www.lodelmomentoloja.com\/index.php?rest_route=%2Fwp%2Fv2%2Fmedia&parent=2150"}],"wp:term":[{"taxonomy":"category","embeddable":true,"href":"https:\/\/www.lodelmomentoloja.com\/index.php?rest_route=%2Fwp%2Fv2%2Fcategories&post=2150"},{"taxonomy":"post_tag","embeddable":true,"href":"https:\/\/www.lodelmomentoloja.com\/index.php?rest_route=%2Fwp%2Fv2%2Ftags&post=2150"}],"curies":[{"name":"wp","href":"https:\/\/api.w.org\/{rel}","templated":true}]}}