{"id":21497,"date":"2024-07-22T15:19:29","date_gmt":"2024-07-22T15:19:29","guid":{"rendered":"https:\/\/www.lodelmomentoloja.com\/?p=21497"},"modified":"2024-07-22T22:21:46","modified_gmt":"2024-07-22T22:21:46","slug":"justicia-fallo-a-favor-de-periodista-lauro-de-calvas","status":"publish","type":"post","link":"https:\/\/www.lodelmomentoloja.com\/?p=21497","title":{"rendered":"Justicia fall\u00f3 a favor de periodista Lauro de Calvas"},"content":{"rendered":"<p>\ud83d\udc68\ud83c\udffb\u200d\u2696\ufe0f\u2696\ufe0f\ud83d\udc4f\ud83c\udffb\u00a1Los buenos somos m\u00e1s! En las instalaciones del Edificio Judicial de Cariamanga, se registr\u00f3 un precedente digno de aplaudir, cuando la justicia fall\u00f3 a favor del periodista Lauro V. Rueda, dejando sin efecto las medidas de protecci\u00f3n dictadas por la Junta Cantonal de Protecci\u00f3n de Derechos de Calvas, mismas que estaban a favor de Svetlana Montero (directora distrital del MIES e hija del Alcalde Jorge Montero). Esto tras el inconveniente generado el pasado mes de junio, cuando con prepotencia, a gritos, prohibiciones e insultos, fueron recibidos periodistas de Supercable TV, quienes hab\u00edan sido invitados para cubrir una reuni\u00f3n entre autoridades del cant\u00f3n Calvas y el Sindicato de Trabajadores de ese municipio y posteriormente se dio inicio a un proceso administrativo en contra de dichos periodistas.<\/p>\n<p>www.lodelmomentoloja.com<br \/>\n#LDMnoticias #lodelmomentolojaLDM<\/p>\n","protected":false},"excerpt":{"rendered":"<p>\ud83d\udc68\ud83c\udffb\u200d\u2696\ufe0f\u2696\ufe0f\ud83d\udc4f\ud83c\udffb\u00a1Los buenos somos m\u00e1s! En las instalaciones del Edificio Judicial de Cariamanga, se registr\u00f3 un&#8230;<\/p>\n","protected":false},"author":1,"featured_media":21498,"comment_status":"open","ping_status":"open","sticky":false,"template":"","format":"standard","meta":{"footnotes":""},"categories":[7,1,5],"tags":[],"class_list":["post-21497","post","type-post","status-publish","format-standard","has-post-thumbnail","hentry","category-ecuador","category-inicio","category-loja"],"_links":{"self":[{"href":"https:\/\/www.lodelmomentoloja.com\/index.php?rest_route=\/wp\/v2\/posts\/21497"}],"collection":[{"href":"https:\/\/www.lodelmomentoloja.com\/index.php?rest_route=\/wp\/v2\/posts"}],"about":[{"href":"https:\/\/www.lodelmomentoloja.com\/index.php?rest_route=\/wp\/v2\/types\/post"}],"author":[{"embeddable":true,"href":"https:\/\/www.lodelmomentoloja.com\/index.php?rest_route=\/wp\/v2\/users\/1"}],"replies":[{"embeddable":true,"href":"https:\/\/www.lodelmomentoloja.com\/index.php?rest_route=%2Fwp%2Fv2%2Fcomments&post=21497"}],"version-history":[{"count":1,"href":"https:\/\/www.lodelmomentoloja.com\/index.php?rest_route=\/wp\/v2\/posts\/21497\/revisions"}],"predecessor-version":[{"id":21499,"href":"https:\/\/www.lodelmomentoloja.com\/index.php?rest_route=\/wp\/v2\/posts\/21497\/revisions\/21499"}],"wp:featuredmedia":[{"embeddable":true,"href":"https:\/\/www.lodelmomentoloja.com\/index.php?rest_route=\/wp\/v2\/media\/21498"}],"wp:attachment":[{"href":"https:\/\/www.lodelmomentoloja.com\/index.php?rest_route=%2Fwp%2Fv2%2Fmedia&parent=21497"}],"wp:term":[{"taxonomy":"category","embeddable":true,"href":"https:\/\/www.lodelmomentoloja.com\/index.php?rest_route=%2Fwp%2Fv2%2Fcategories&post=21497"},{"taxonomy":"post_tag","embeddable":true,"href":"https:\/\/www.lodelmomentoloja.com\/index.php?rest_route=%2Fwp%2Fv2%2Ftags&post=21497"}],"curies":[{"name":"wp","href":"https:\/\/api.w.org\/{rel}","templated":true}]}}