{"id":21446,"date":"2024-07-18T10:24:56","date_gmt":"2024-07-18T10:24:56","guid":{"rendered":"https:\/\/www.lodelmomentoloja.com\/?p=21446"},"modified":"2024-07-18T15:33:53","modified_gmt":"2024-07-18T15:33:53","slug":"wilman-teran-se-salvo-del-juicio-politico-en-su-contra","status":"publish","type":"post","link":"https:\/\/www.lodelmomentoloja.com\/?p=21446","title":{"rendered":"Wilman Ter\u00e1n se salv\u00f3 del juicio pol\u00edtico en su contra"},"content":{"rendered":"<p>\ud83d\ude31\ud83d\uddf3\ufe0f\u2611\ufe0f \u00a1No alcanzaron los votos! El expresidente del Consejo de la Judicatura, Wilman Ter\u00e1n, acusado de graves delitos y quien enfrentaba un juicio pol\u00edtico por presunto incumplimiento de funciones, se present\u00f3 ante el pleno de la Asamblea Nacional para la respectiva votaci\u00f3n de censura. Sin embargo, la moci\u00f3n presentada por Jorge Pe\u00f1afiel (Construye), solo cont\u00f3 con 88 votos de respaldo (PSC, ADN, Pachakutik y sectores independientes) de los 92 votos necesarios, seg\u00fan lo establece la Ley Org\u00e1nica de la Funci\u00f3n Legislativa.<\/p>\n<p><img loading=\"lazy\" decoding=\"async\" class=\"alignnone size-medium wp-image-21448\" src=\"http:\/\/www.lodelmomentoloja.com\/wp-content\/uploads\/2024\/07\/IMG-20240718-WA0019-300x188.jpg\" alt=\"\" width=\"300\" height=\"188\" srcset=\"https:\/\/www.lodelmomentoloja.com\/wp-content\/uploads\/2024\/07\/IMG-20240718-WA0019-300x188.jpg 300w, https:\/\/www.lodelmomentoloja.com\/wp-content\/uploads\/2024\/07\/IMG-20240718-WA0019-640x400.jpg 640w, https:\/\/www.lodelmomentoloja.com\/wp-content\/uploads\/2024\/07\/IMG-20240718-WA0019-540x340.jpg 540w, https:\/\/www.lodelmomentoloja.com\/wp-content\/uploads\/2024\/07\/IMG-20240718-WA0019-400x250.jpg 400w, https:\/\/www.lodelmomentoloja.com\/wp-content\/uploads\/2024\/07\/IMG-20240718-WA0019.jpg 768w\" sizes=\"(max-width: 300px) 100vw, 300px\" \/><\/p>\n<p>www.lodelmomentoloja.com<br \/>\n#LDMnoticias #lodelmomentolojaLDM<\/p>\n","protected":false},"excerpt":{"rendered":"<p>\ud83d\ude31\ud83d\uddf3\ufe0f\u2611\ufe0f \u00a1No alcanzaron los votos! El expresidente del Consejo de la Judicatura, Wilman Ter\u00e1n, acusado&#8230;<\/p>\n","protected":false},"author":1,"featured_media":21447,"comment_status":"open","ping_status":"open","sticky":false,"template":"","format":"standard","meta":{"footnotes":""},"categories":[7,1],"tags":[],"class_list":["post-21446","post","type-post","status-publish","format-standard","has-post-thumbnail","hentry","category-ecuador","category-inicio"],"_links":{"self":[{"href":"https:\/\/www.lodelmomentoloja.com\/index.php?rest_route=\/wp\/v2\/posts\/21446"}],"collection":[{"href":"https:\/\/www.lodelmomentoloja.com\/index.php?rest_route=\/wp\/v2\/posts"}],"about":[{"href":"https:\/\/www.lodelmomentoloja.com\/index.php?rest_route=\/wp\/v2\/types\/post"}],"author":[{"embeddable":true,"href":"https:\/\/www.lodelmomentoloja.com\/index.php?rest_route=\/wp\/v2\/users\/1"}],"replies":[{"embeddable":true,"href":"https:\/\/www.lodelmomentoloja.com\/index.php?rest_route=%2Fwp%2Fv2%2Fcomments&post=21446"}],"version-history":[{"count":1,"href":"https:\/\/www.lodelmomentoloja.com\/index.php?rest_route=\/wp\/v2\/posts\/21446\/revisions"}],"predecessor-version":[{"id":21449,"href":"https:\/\/www.lodelmomentoloja.com\/index.php?rest_route=\/wp\/v2\/posts\/21446\/revisions\/21449"}],"wp:featuredmedia":[{"embeddable":true,"href":"https:\/\/www.lodelmomentoloja.com\/index.php?rest_route=\/wp\/v2\/media\/21447"}],"wp:attachment":[{"href":"https:\/\/www.lodelmomentoloja.com\/index.php?rest_route=%2Fwp%2Fv2%2Fmedia&parent=21446"}],"wp:term":[{"taxonomy":"category","embeddable":true,"href":"https:\/\/www.lodelmomentoloja.com\/index.php?rest_route=%2Fwp%2Fv2%2Fcategories&post=21446"},{"taxonomy":"post_tag","embeddable":true,"href":"https:\/\/www.lodelmomentoloja.com\/index.php?rest_route=%2Fwp%2Fv2%2Ftags&post=21446"}],"curies":[{"name":"wp","href":"https:\/\/api.w.org\/{rel}","templated":true}]}}