{"id":2134,"date":"2021-01-28T13:00:23","date_gmt":"2021-01-28T13:00:23","guid":{"rendered":"http:\/\/www.lodelmomentoloja.com\/?p=2134"},"modified":"2021-01-28T18:25:43","modified_gmt":"2021-01-28T18:25:43","slug":"casa-de-la-cultura-de-loja-rechaza-reduccion-de-presupuesto","status":"publish","type":"post","link":"https:\/\/www.lodelmomentoloja.com\/?p=2134","title":{"rendered":"Casa de la Cultura de Loja rechaza reducci\u00f3n de presupuesto"},"content":{"rendered":"<div class=\"kvgmc6g5 cxmmr5t8 oygrvhab hcukyx3x c1et5uql ii04i59q\">\n<div dir=\"auto\"><a class=\"oajrlxb2 g5ia77u1 qu0x051f esr5mh6w e9989ue4 r7d6kgcz rq0escxv nhd2j8a9 nc684nl6 p7hjln8o kvgmc6g5 cxmmr5t8 oygrvhab hcukyx3x jb3vyjys rz4wbd8a qt6c0cv9 a8nywdso i1ao9s8h esuyzwwr f1sip0of lzcic4wl q66pz984 gpro0wi8 b1v8xokw\" tabindex=\"0\" role=\"link\" href=\"https:\/\/www.facebook.com\/hashtag\/loja?__eep__=6&amp;__cft__[0]=AZX3QW1GHhOc0ZB32toEENQ4hZ7i3aOGcsyQfXz9-ThMIeorEHCY3SWqBNSPt__JB0sxNajjn2l9Pw7h7ARupq8RPxfO5GbmdeNaLx1H6WIE8fvZDpioEketC-38BNVpwKr5y7ol3Q8VWNbO1JkMri-51htj6T0MEwO_Q892HhceqLmCdNjGjbYB1eKLktZOTVU&amp;__tn__=*NK-R\">#Loja<\/a> | Casa de la Cultura de Loja rechaza reducci\u00f3n de presupuesto<\/div>\n<div dir=\"auto\"><\/div>\n<\/div>\n<div class=\"o9v6fnle cxmmr5t8 oygrvhab hcukyx3x c1et5uql ii04i59q\">\n<div dir=\"auto\">Hoy, mediante rueda de prensa Diego Naranjo, Presidente de la Casa de la Cultura Ecuatoriana Benjam\u00edn Carri\u00f3n N\u00facleo de Loja, rechaz\u00f3 el recorte presupuestario realizado por el Ministerio de Econom\u00eda y Finanzas.<\/div>\n<div dir=\"auto\"><\/div>\n<\/div>\n<div class=\"o9v6fnle cxmmr5t8 oygrvhab hcukyx3x c1et5uql ii04i59q\">\n<div dir=\"auto\">El recorte se lo habr\u00eda realizado sin ninguna justificaci\u00f3n alguna. El Ministerio de Econom\u00eda y Finanzas realiz\u00f3 el recorte presupuestario del 83.90% a una de las partidas m\u00e1s importantes y destinadas para ejecutar proyectos y actividades culturales para el a\u00f1o 2021.<\/div>\n<div dir=\"auto\"><\/div>\n<\/div>\n<div class=\"o9v6fnle cxmmr5t8 oygrvhab hcukyx3x c1et5uql ii04i59q\">\n<div dir=\"auto\">En este componente, dejan \u00fanicamente la cantidad de 9.192,44 d\u00f3lares, un valor insignificante que no alcanza para la cantidad de acciones y actividades que ten\u00edan programados a ejecutar.<\/div>\n<div dir=\"auto\"><\/div>\n<\/div>\n<div class=\"o9v6fnle cxmmr5t8 oygrvhab hcukyx3x c1et5uql ii04i59q\">\n<div dir=\"auto\">Los presupuestos asignados a la instituci\u00f3n para el \u00e1mbito cultural son bajos, por tanto, lo racional seria incrementar los recursos y no lo contrario. Naranjo, recal\u00f3 que es lamentable que se realice este tipo de reducciones injustificadas que atentan directamente al fomento e impulso del sector art\u00edstico y cultural lojano.<\/div>\n<\/div>\n","protected":false},"excerpt":{"rendered":"<p>#Loja | Casa de la Cultura de Loja rechaza reducci\u00f3n de presupuesto Hoy, mediante rueda&#8230;<\/p>\n","protected":false},"author":1,"featured_media":2135,"comment_status":"open","ping_status":"open","sticky":false,"template":"","format":"standard","meta":{"footnotes":""},"categories":[1],"tags":[],"class_list":["post-2134","post","type-post","status-publish","format-standard","has-post-thumbnail","hentry","category-inicio"],"_links":{"self":[{"href":"https:\/\/www.lodelmomentoloja.com\/index.php?rest_route=\/wp\/v2\/posts\/2134"}],"collection":[{"href":"https:\/\/www.lodelmomentoloja.com\/index.php?rest_route=\/wp\/v2\/posts"}],"about":[{"href":"https:\/\/www.lodelmomentoloja.com\/index.php?rest_route=\/wp\/v2\/types\/post"}],"author":[{"embeddable":true,"href":"https:\/\/www.lodelmomentoloja.com\/index.php?rest_route=\/wp\/v2\/users\/1"}],"replies":[{"embeddable":true,"href":"https:\/\/www.lodelmomentoloja.com\/index.php?rest_route=%2Fwp%2Fv2%2Fcomments&post=2134"}],"version-history":[{"count":1,"href":"https:\/\/www.lodelmomentoloja.com\/index.php?rest_route=\/wp\/v2\/posts\/2134\/revisions"}],"predecessor-version":[{"id":2136,"href":"https:\/\/www.lodelmomentoloja.com\/index.php?rest_route=\/wp\/v2\/posts\/2134\/revisions\/2136"}],"wp:featuredmedia":[{"embeddable":true,"href":"https:\/\/www.lodelmomentoloja.com\/index.php?rest_route=\/wp\/v2\/media\/2135"}],"wp:attachment":[{"href":"https:\/\/www.lodelmomentoloja.com\/index.php?rest_route=%2Fwp%2Fv2%2Fmedia&parent=2134"}],"wp:term":[{"taxonomy":"category","embeddable":true,"href":"https:\/\/www.lodelmomentoloja.com\/index.php?rest_route=%2Fwp%2Fv2%2Fcategories&post=2134"},{"taxonomy":"post_tag","embeddable":true,"href":"https:\/\/www.lodelmomentoloja.com\/index.php?rest_route=%2Fwp%2Fv2%2Ftags&post=2134"}],"curies":[{"name":"wp","href":"https:\/\/api.w.org\/{rel}","templated":true}]}}