{"id":2131,"date":"2021-01-28T12:00:26","date_gmt":"2021-01-28T12:00:26","guid":{"rendered":"http:\/\/www.lodelmomentoloja.com\/?p=2131"},"modified":"2021-01-28T18:21:06","modified_gmt":"2021-01-28T18:21:06","slug":"denuncia-penalmente-al-ministro-de-salud","status":"publish","type":"post","link":"https:\/\/www.lodelmomentoloja.com\/?p=2131","title":{"rendered":"Denuncia penalmente al Ministro de Salud"},"content":{"rendered":"<div class=\"kvgmc6g5 cxmmr5t8 oygrvhab hcukyx3x c1et5uql ii04i59q\">\n<div dir=\"auto\"><a class=\"oajrlxb2 g5ia77u1 qu0x051f esr5mh6w e9989ue4 r7d6kgcz rq0escxv nhd2j8a9 nc684nl6 p7hjln8o kvgmc6g5 cxmmr5t8 oygrvhab hcukyx3x jb3vyjys rz4wbd8a qt6c0cv9 a8nywdso i1ao9s8h esuyzwwr f1sip0of lzcic4wl q66pz984 gpro0wi8 b1v8xokw\" tabindex=\"0\" role=\"link\" href=\"https:\/\/www.facebook.com\/hashtag\/ecuador?__eep__=6&amp;__cft__[0]=AZXfJ8AUDFmskGigt1ErSEZ67dCUkPUtCmZ6k4RxfuD966uB0IrHbxfvIPr50mPx0e8peNjCQAtkJatZASImTLqwXobYlVKfrb__jsO2T9SFy8yEsIq228IqrLvZzWjKNg3kTuNYuJCFKyYbSL4J0uV6XA86deG0VPZ7p36xKNlGLqCBMSTBDSgzPIKLq-rBMI0&amp;__tn__=*NK-R\">#Ecuador<\/a> | Denuncian penalmente al Ministro de Salud.<\/div>\n<div dir=\"auto\"><\/div>\n<\/div>\n<div class=\"o9v6fnle cxmmr5t8 oygrvhab hcukyx3x c1et5uql ii04i59q\">\n<div dir=\"auto\">El 26 de enero del presente, Acci\u00f3n Jur\u00eddica Popular present\u00f3 en la Fiscal\u00eda General del Estado, una denuncia penal en contra de Juan Carlos Zevallos, Ministro de Salud por el escandalo de la preferencia al vacunar a sus familiares antes que, al personal de primera l\u00ednea, los cuales est\u00e1n contemplados como prioritarios para ser vacunados con el primer lote de 8.000 de vacuna Pfizer que llegaron al pa\u00eds.<\/div>\n<div dir=\"auto\"><\/div>\n<\/div>\n<div class=\"o9v6fnle cxmmr5t8 oygrvhab hcukyx3x c1et5uql ii04i59q\">\n<div dir=\"auto\">Primero, el pasado 21 de enero del presente se vacun\u00f3 el Ministro de Salud en Guayaquil justific\u00f3 diciendo &#8220;quiero hacerlo en homenaje a todas las personas, todos los m\u00e9dicos al personal de salud que sufri\u00f3 la enfermedad, muchos de ellos padecieron.\u201d Lo que ya causo indignaci\u00f3n en la poblaci\u00f3n.<\/div>\n<\/div>\n<div class=\"o9v6fnle cxmmr5t8 oygrvhab hcukyx3x c1et5uql ii04i59q\">\n<div dir=\"auto\">Luego, el 24 de enero de 2021 en redes sociales, internautas denunciaron presuntas irregularidades en la administraci\u00f3n de las vacunas por parte del Ministerio de Salud. El primer caso que se conoci\u00f3 fue el de la comunicadora y otro funcionario m\u00e1s del Hospital Carlos Andrade Mar\u00edn del IESS, que se aplicaron la vacuna, Karina A\u00f1azco, se defendi\u00f3 asegurando que, realiz\u00f3 el tr\u00e1mite del registro para acceder a la vacuna y que el d\u00eda que se aplic\u00f3 las vacunas a los m\u00e9dicos del hospital le solicitaron acceda a vacunarse \u201cpara que no se desperdici\u00e9\u201d porque algunos m\u00e9dicos no hab\u00edan accedido a vacunarse.<\/div>\n<div dir=\"auto\"><\/div>\n<\/div>\n<div class=\"o9v6fnle cxmmr5t8 oygrvhab hcukyx3x c1et5uql ii04i59q\">\n<div dir=\"auto\">El segundo caso que se conoci\u00f3, fue la aplicaci\u00f3n de vacunas en el Centro de Estancia privado de Los Valles en Quito, ah\u00ed se vacun\u00f3 a la madre del Ministro de Salud, Juan Carlos Zevallos, aquel d\u00eda el mismo funcionario estuvo presente mientras se administraban las vacunas en el lugar. Seg\u00fan la periodista Carolina Mella, en su cuenta de twitter aseguro que \u201c fue vacunada, solo a ella (madre del Ministro de Salud) y al personal que la cuida. Ni siquiera vacunaron a todos los adultos mayores (del Centro Privado) que viven ah\u00ed. Ese condominio de departamentos no se puede comparar con los que maneja la Junta de Beneficencia. NO es lo mismo.\u201d<\/div>\n<div dir=\"auto\"><\/div>\n<\/div>\n<div class=\"o9v6fnle cxmmr5t8 oygrvhab hcukyx3x c1et5uql ii04i59q\">\n<div dir=\"auto\">Frente a ello, este 26 de enero de 2021, el colectivo de constitucionalismo popular, denunci\u00f3 al Ministro de Salud por el presunto delito de tr\u00e1fico de influencias. \u201cSe supone que la crisis de la pandemia debemos tener prioridades, primero los m\u00e9dicos, luego las personas adultas mayores y la responsabilidad principal de como se ha manejado esta pandemia est\u00e1 en el gobierno y en el Ministerio de Salud. Y ahora, resulta inaceptable que se haya preferido v\u00ednculos personales y no, lo que hab\u00eda establecido como prioridad para atender a los m\u00e9dicos.\u201d Dijo Ang\u00e9lica Porr\u00e1s, abogada denunciante.<\/div>\n<div dir=\"auto\"><\/div>\n<\/div>\n<div class=\"o9v6fnle cxmmr5t8 oygrvhab hcukyx3x c1et5uql ii04i59q\">\n<div dir=\"auto\">Sin embargo, Tras tres d\u00edas de conocerse las presuntas irregularidades, el Ministro de Salud, la noche de ayer 27 de enero del presente, se pronunci\u00f3 justificando su actuaci\u00f3n \u201csi alguien desear\u00eda que dentro de este proceso hubiera dejado fuera a mi madre o cualquier otra persona, debo decirle que difiero\u201d dijo, Zevallos mediante un v\u00eddeo. Durante estos d\u00edas ha sido tendencia en redes sociales, solicitar la renuncia del ministro. Sin embargo, \u00e9l, asegur\u00f3 que no renunciar\u00e1<\/div>\n<\/div>\n","protected":false},"excerpt":{"rendered":"<p>#Ecuador | Denuncian penalmente al Ministro de Salud. El 26 de enero del presente, Acci\u00f3n&#8230;<\/p>\n","protected":false},"author":1,"featured_media":2132,"comment_status":"open","ping_status":"open","sticky":false,"template":"","format":"standard","meta":{"footnotes":""},"categories":[1],"tags":[],"class_list":["post-2131","post","type-post","status-publish","format-standard","has-post-thumbnail","hentry","category-inicio"],"_links":{"self":[{"href":"https:\/\/www.lodelmomentoloja.com\/index.php?rest_route=\/wp\/v2\/posts\/2131"}],"collection":[{"href":"https:\/\/www.lodelmomentoloja.com\/index.php?rest_route=\/wp\/v2\/posts"}],"about":[{"href":"https:\/\/www.lodelmomentoloja.com\/index.php?rest_route=\/wp\/v2\/types\/post"}],"author":[{"embeddable":true,"href":"https:\/\/www.lodelmomentoloja.com\/index.php?rest_route=\/wp\/v2\/users\/1"}],"replies":[{"embeddable":true,"href":"https:\/\/www.lodelmomentoloja.com\/index.php?rest_route=%2Fwp%2Fv2%2Fcomments&post=2131"}],"version-history":[{"count":1,"href":"https:\/\/www.lodelmomentoloja.com\/index.php?rest_route=\/wp\/v2\/posts\/2131\/revisions"}],"predecessor-version":[{"id":2133,"href":"https:\/\/www.lodelmomentoloja.com\/index.php?rest_route=\/wp\/v2\/posts\/2131\/revisions\/2133"}],"wp:featuredmedia":[{"embeddable":true,"href":"https:\/\/www.lodelmomentoloja.com\/index.php?rest_route=\/wp\/v2\/media\/2132"}],"wp:attachment":[{"href":"https:\/\/www.lodelmomentoloja.com\/index.php?rest_route=%2Fwp%2Fv2%2Fmedia&parent=2131"}],"wp:term":[{"taxonomy":"category","embeddable":true,"href":"https:\/\/www.lodelmomentoloja.com\/index.php?rest_route=%2Fwp%2Fv2%2Fcategories&post=2131"},{"taxonomy":"post_tag","embeddable":true,"href":"https:\/\/www.lodelmomentoloja.com\/index.php?rest_route=%2Fwp%2Fv2%2Ftags&post=2131"}],"curies":[{"name":"wp","href":"https:\/\/api.w.org\/{rel}","templated":true}]}}