{"id":21299,"date":"2024-07-08T14:43:37","date_gmt":"2024-07-08T14:43:37","guid":{"rendered":"https:\/\/www.lodelmomentoloja.com\/?p=21299"},"modified":"2024-07-09T13:44:37","modified_gmt":"2024-07-09T13:44:37","slug":"nueva-delegada-del-ministerio-del-gobierno","status":"publish","type":"post","link":"https:\/\/www.lodelmomentoloja.com\/?p=21299","title":{"rendered":"Nueva delegada del Ministerio del Gobierno"},"content":{"rendered":"<p>\ud83e\udd78\ud83e\udef5\ud83e\udde0\u00a1Se acomodan nom\u00e1s! Tras la llegada de Alexandra Jara como nueva Gobernadora de la Provincia de Loja del Gobierno de Daniel Noboa, se instal\u00f3 el \u201cPrimer Gabinete de Gobernabilidad\u201d en las instalaciones del ECU911 sin embargo, lo curioso de este acto fue ver la presencia de Jackeline Celi quien estar\u00e1 desempe\u00f1ando el cargo de Coordinadora Zonal 7 del Ministerio de Gobierno, cargo que ocupada Jara antes de ser Gobernadora. Y es as\u00ed, que ya se ha hecho viral en redes sociales sobre la trayectoria pol\u00edtica de esa funcionaria que est\u00e1 en el Estado desde la \u00e9poca de Rafael Correa hasta la actualidad, incluso, ahora con un mejor cargo.<\/p>\n<p>www.lodelmomentoloja.com<br \/>\n#LDMnoticias #lodelmomentolojaLDM<\/p>\n","protected":false},"excerpt":{"rendered":"<p>\ud83e\udd78\ud83e\udef5\ud83e\udde0\u00a1Se acomodan nom\u00e1s! Tras la llegada de Alexandra Jara como nueva Gobernadora de la Provincia&#8230;<\/p>\n","protected":false},"author":1,"featured_media":21300,"comment_status":"open","ping_status":"open","sticky":false,"template":"","format":"standard","meta":{"footnotes":""},"categories":[7,1,5],"tags":[],"class_list":["post-21299","post","type-post","status-publish","format-standard","has-post-thumbnail","hentry","category-ecuador","category-inicio","category-loja"],"_links":{"self":[{"href":"https:\/\/www.lodelmomentoloja.com\/index.php?rest_route=\/wp\/v2\/posts\/21299"}],"collection":[{"href":"https:\/\/www.lodelmomentoloja.com\/index.php?rest_route=\/wp\/v2\/posts"}],"about":[{"href":"https:\/\/www.lodelmomentoloja.com\/index.php?rest_route=\/wp\/v2\/types\/post"}],"author":[{"embeddable":true,"href":"https:\/\/www.lodelmomentoloja.com\/index.php?rest_route=\/wp\/v2\/users\/1"}],"replies":[{"embeddable":true,"href":"https:\/\/www.lodelmomentoloja.com\/index.php?rest_route=%2Fwp%2Fv2%2Fcomments&post=21299"}],"version-history":[{"count":1,"href":"https:\/\/www.lodelmomentoloja.com\/index.php?rest_route=\/wp\/v2\/posts\/21299\/revisions"}],"predecessor-version":[{"id":21301,"href":"https:\/\/www.lodelmomentoloja.com\/index.php?rest_route=\/wp\/v2\/posts\/21299\/revisions\/21301"}],"wp:featuredmedia":[{"embeddable":true,"href":"https:\/\/www.lodelmomentoloja.com\/index.php?rest_route=\/wp\/v2\/media\/21300"}],"wp:attachment":[{"href":"https:\/\/www.lodelmomentoloja.com\/index.php?rest_route=%2Fwp%2Fv2%2Fmedia&parent=21299"}],"wp:term":[{"taxonomy":"category","embeddable":true,"href":"https:\/\/www.lodelmomentoloja.com\/index.php?rest_route=%2Fwp%2Fv2%2Fcategories&post=21299"},{"taxonomy":"post_tag","embeddable":true,"href":"https:\/\/www.lodelmomentoloja.com\/index.php?rest_route=%2Fwp%2Fv2%2Ftags&post=21299"}],"curies":[{"name":"wp","href":"https:\/\/api.w.org\/{rel}","templated":true}]}}