{"id":2128,"date":"2021-01-28T11:00:40","date_gmt":"2021-01-28T11:00:40","guid":{"rendered":"http:\/\/www.lodelmomentoloja.com\/?p=2128"},"modified":"2021-01-28T18:18:38","modified_gmt":"2021-01-28T18:18:38","slug":"mano-de-hierro-a-la-delincuencia","status":"publish","type":"post","link":"https:\/\/www.lodelmomentoloja.com\/?p=2128","title":{"rendered":"&#8220;Mano de hierro a la delincuencia&#8221;"},"content":{"rendered":"<div class=\"kvgmc6g5 cxmmr5t8 oygrvhab hcukyx3x c1et5uql ii04i59q\">\n<div dir=\"auto\"><a class=\"oajrlxb2 g5ia77u1 qu0x051f esr5mh6w e9989ue4 r7d6kgcz rq0escxv nhd2j8a9 nc684nl6 p7hjln8o kvgmc6g5 cxmmr5t8 oygrvhab hcukyx3x jb3vyjys rz4wbd8a qt6c0cv9 a8nywdso i1ao9s8h esuyzwwr f1sip0of lzcic4wl q66pz984 gpro0wi8 b1v8xokw\" tabindex=\"0\" role=\"link\" href=\"https:\/\/www.facebook.com\/hashtag\/ecuador?__eep__=6&amp;__cft__[0]=AZUgD31XQ0XRPPklbmBpXwc9hwnsjv0e-ATSEDbgg_NBDOF7lKo5OSYsCXc6mZ07ctctV-se-2C_2_08ENcZEU22S8Hio7ieKXe-IJi1AjeB_g-2UTdSm36O5is2I8Mjc39xCPc5o4oZ57A1LPm2cUqJKtHJNbUSiGeMob6_wfy5apEPp1hbDU8YG0XRn4dVsFM&amp;__tn__=*NK-R\">#Ecuador<\/a> | Lasso propone combatir la inseguridad en el pa\u00eds.<\/div>\n<div dir=\"auto\"><\/div>\n<\/div>\n<div class=\"o9v6fnle cxmmr5t8 oygrvhab hcukyx3x c1et5uql ii04i59q\">\n<div dir=\"auto\">La noche de ayer, el candidato presidencial por la alianza CREO-PSC, junto al l\u00edder social cristiano Jaime Nebot, brindo una rueda de prensa en la capital ecuatoriana para dar a conocer su propuesta de campa\u00f1a para combatir la inseguridad en el Ecuador.<\/div>\n<div dir=\"auto\"><\/div>\n<\/div>\n<div class=\"o9v6fnle cxmmr5t8 oygrvhab hcukyx3x c1et5uql ii04i59q\">\n<div dir=\"auto\">\u201cUn presidente de la republica tiene la obligaci\u00f3n de respaldar pol\u00edticamente a la fuerza p\u00fablica.\u201d Dijo el candidato presidencial y resalt\u00f3 que \u201cSi es la voluntad del pueblo ecuatoriano, asumiremos la responsabilidad con energ\u00eda, aplicando mano de hierro, apoyando a la Polic\u00eda Nacional, apoyando a las Fuerzas Armada y asumiendo la responsabilidad de defender a los ciudadanos honestos de nuestro pa\u00eds.\u201d<\/div>\n<div dir=\"auto\"><\/div>\n<\/div>\n<div class=\"o9v6fnle cxmmr5t8 oygrvhab hcukyx3x c1et5uql ii04i59q\">\n<div dir=\"auto\">El anunci\u00f3 lo realiz\u00f3 tras los hechos ocurridos el d\u00eda de ayer, debido al asesinato del presentador de televisi\u00f3n Efra\u00edn Ruales, lamentable suceso que conmociono a todo el pa\u00eds. Lasso, es ide\u00f3logo de implementar medidas dr\u00e1sticas para combatir la delincuencia.<\/div>\n<\/div>\n","protected":false},"excerpt":{"rendered":"<p>#Ecuador | Lasso propone combatir la inseguridad en el pa\u00eds. La noche de ayer, el&#8230;<\/p>\n","protected":false},"author":1,"featured_media":2129,"comment_status":"open","ping_status":"open","sticky":false,"template":"","format":"standard","meta":{"footnotes":""},"categories":[1],"tags":[],"class_list":["post-2128","post","type-post","status-publish","format-standard","has-post-thumbnail","hentry","category-inicio"],"_links":{"self":[{"href":"https:\/\/www.lodelmomentoloja.com\/index.php?rest_route=\/wp\/v2\/posts\/2128"}],"collection":[{"href":"https:\/\/www.lodelmomentoloja.com\/index.php?rest_route=\/wp\/v2\/posts"}],"about":[{"href":"https:\/\/www.lodelmomentoloja.com\/index.php?rest_route=\/wp\/v2\/types\/post"}],"author":[{"embeddable":true,"href":"https:\/\/www.lodelmomentoloja.com\/index.php?rest_route=\/wp\/v2\/users\/1"}],"replies":[{"embeddable":true,"href":"https:\/\/www.lodelmomentoloja.com\/index.php?rest_route=%2Fwp%2Fv2%2Fcomments&post=2128"}],"version-history":[{"count":1,"href":"https:\/\/www.lodelmomentoloja.com\/index.php?rest_route=\/wp\/v2\/posts\/2128\/revisions"}],"predecessor-version":[{"id":2130,"href":"https:\/\/www.lodelmomentoloja.com\/index.php?rest_route=\/wp\/v2\/posts\/2128\/revisions\/2130"}],"wp:featuredmedia":[{"embeddable":true,"href":"https:\/\/www.lodelmomentoloja.com\/index.php?rest_route=\/wp\/v2\/media\/2129"}],"wp:attachment":[{"href":"https:\/\/www.lodelmomentoloja.com\/index.php?rest_route=%2Fwp%2Fv2%2Fmedia&parent=2128"}],"wp:term":[{"taxonomy":"category","embeddable":true,"href":"https:\/\/www.lodelmomentoloja.com\/index.php?rest_route=%2Fwp%2Fv2%2Fcategories&post=2128"},{"taxonomy":"post_tag","embeddable":true,"href":"https:\/\/www.lodelmomentoloja.com\/index.php?rest_route=%2Fwp%2Fv2%2Ftags&post=2128"}],"curies":[{"name":"wp","href":"https:\/\/api.w.org\/{rel}","templated":true}]}}