{"id":21271,"date":"2024-07-05T08:40:46","date_gmt":"2024-07-05T08:40:46","guid":{"rendered":"https:\/\/www.lodelmomentoloja.com\/?p=21271"},"modified":"2024-07-05T14:44:07","modified_gmt":"2024-07-05T14:44:07","slug":"felix-sanchez-bas-deja-de-ser-dt-de-la-tri","status":"publish","type":"post","link":"https:\/\/www.lodelmomentoloja.com\/?p=21271","title":{"rendered":"F\u00e9lix S\u00e1nchez Bas deja de ser DT de la Tri"},"content":{"rendered":"<p>\ud83d\udc4b\ud83c\udffb\ud83c\uddea\ud83c\udde8\u26bd \u00a1La Tri sin t\u00e9cnico! La madrugada de este 05 de julio, la Federaci\u00f3n Ecuatoriana de F\u00fatbol (FEF) anunci\u00f3, mediante un comunicado que el espa\u00f1ol F\u00e9lix S\u00e1nchez Bas deja de ser el director t\u00e9cnico de \u2018La Tri\u2018, tras la ca\u00edda contra Argentina y la eliminaci\u00f3n de la Copa Am\u00e9rica. &#8216;Agradecemos a F\u00e9lix y su cuerpo t\u00e9cnico por su trabajo, profesionalismo y le deseamos \u00e9xito en sus futuros proyectos&#8217; &#8211; mencion\u00f3 la FEF.<\/p>\n<p>www.lodelmomentoloja.com<br \/>\n#LDMnoticias #lodelmomentolojaLDM<\/p>\n","protected":false},"excerpt":{"rendered":"<p>\ud83d\udc4b\ud83c\udffb\ud83c\uddea\ud83c\udde8\u26bd \u00a1La Tri sin t\u00e9cnico! La madrugada de este 05 de julio, la Federaci\u00f3n Ecuatoriana&#8230;<\/p>\n","protected":false},"author":1,"featured_media":21272,"comment_status":"open","ping_status":"open","sticky":false,"template":"","format":"standard","meta":{"footnotes":""},"categories":[7,1,4],"tags":[],"class_list":["post-21271","post","type-post","status-publish","format-standard","has-post-thumbnail","hentry","category-ecuador","category-inicio","category-internacional"],"_links":{"self":[{"href":"https:\/\/www.lodelmomentoloja.com\/index.php?rest_route=\/wp\/v2\/posts\/21271"}],"collection":[{"href":"https:\/\/www.lodelmomentoloja.com\/index.php?rest_route=\/wp\/v2\/posts"}],"about":[{"href":"https:\/\/www.lodelmomentoloja.com\/index.php?rest_route=\/wp\/v2\/types\/post"}],"author":[{"embeddable":true,"href":"https:\/\/www.lodelmomentoloja.com\/index.php?rest_route=\/wp\/v2\/users\/1"}],"replies":[{"embeddable":true,"href":"https:\/\/www.lodelmomentoloja.com\/index.php?rest_route=%2Fwp%2Fv2%2Fcomments&post=21271"}],"version-history":[{"count":1,"href":"https:\/\/www.lodelmomentoloja.com\/index.php?rest_route=\/wp\/v2\/posts\/21271\/revisions"}],"predecessor-version":[{"id":21273,"href":"https:\/\/www.lodelmomentoloja.com\/index.php?rest_route=\/wp\/v2\/posts\/21271\/revisions\/21273"}],"wp:featuredmedia":[{"embeddable":true,"href":"https:\/\/www.lodelmomentoloja.com\/index.php?rest_route=\/wp\/v2\/media\/21272"}],"wp:attachment":[{"href":"https:\/\/www.lodelmomentoloja.com\/index.php?rest_route=%2Fwp%2Fv2%2Fmedia&parent=21271"}],"wp:term":[{"taxonomy":"category","embeddable":true,"href":"https:\/\/www.lodelmomentoloja.com\/index.php?rest_route=%2Fwp%2Fv2%2Fcategories&post=21271"},{"taxonomy":"post_tag","embeddable":true,"href":"https:\/\/www.lodelmomentoloja.com\/index.php?rest_route=%2Fwp%2Fv2%2Ftags&post=21271"}],"curies":[{"name":"wp","href":"https:\/\/api.w.org\/{rel}","templated":true}]}}