{"id":21258,"date":"2024-07-03T16:54:59","date_gmt":"2024-07-03T16:54:59","guid":{"rendered":"https:\/\/www.lodelmomentoloja.com\/?p=21258"},"modified":"2024-07-03T21:58:21","modified_gmt":"2024-07-03T21:58:21","slug":"daniel-noboa-saldra-de-viaje-en-las-manifestaciones","status":"publish","type":"post","link":"https:\/\/www.lodelmomentoloja.com\/?p=21258","title":{"rendered":"Daniel Noboa saldr\u00e1 de viaje, en las manifestaciones"},"content":{"rendered":"<p>\ud83d\ude31\u2708\ufe0f\ud83c\uddf5\ud83c\uddea \u00a1Noboa de viaje y el pueblo a las calles! El presidente de la Rep\u00fablica del Ecuador, Daniel Noboa Azin, participar\u00e1 este 4 de julioen un Encuentro Presidencial y en el XV Gabinete Binacional con Per\u00fa. Las delegaciones de ambos pa\u00edses mantendr\u00e1n reuniones de alto nivel en Lima. Todo esto en medio de las manifestaciones que se realizar\u00e1n en Ecuador, contra el gobierno nacional.<\/p>\n<p><img loading=\"lazy\" decoding=\"async\" class=\"alignnone size-medium wp-image-21259\" src=\"http:\/\/www.lodelmomentoloja.com\/wp-content\/uploads\/2024\/07\/IMG_20240703_165015_257-265x300.webp\" alt=\"\" width=\"265\" height=\"300\" srcset=\"https:\/\/www.lodelmomentoloja.com\/wp-content\/uploads\/2024\/07\/IMG_20240703_165015_257-265x300.webp 265w, https:\/\/www.lodelmomentoloja.com\/wp-content\/uploads\/2024\/07\/IMG_20240703_165015_257-905x1024.webp 905w, https:\/\/www.lodelmomentoloja.com\/wp-content\/uploads\/2024\/07\/IMG_20240703_165015_257-768x869.webp 768w, https:\/\/www.lodelmomentoloja.com\/wp-content\/uploads\/2024\/07\/IMG_20240703_165015_257-640x724.webp 640w, https:\/\/www.lodelmomentoloja.com\/wp-content\/uploads\/2024\/07\/IMG_20240703_165015_257.webp 989w\" sizes=\"(max-width: 265px) 100vw, 265px\" \/><\/p>\n<p>www.lodelmomentoloja.com<br \/>\n#LDMnoticias #lodelmomentolojaLDM<\/p>\n","protected":false},"excerpt":{"rendered":"<p>\ud83d\ude31\u2708\ufe0f\ud83c\uddf5\ud83c\uddea \u00a1Noboa de viaje y el pueblo a las calles! El presidente de la Rep\u00fablica&#8230;<\/p>\n","protected":false},"author":1,"featured_media":21260,"comment_status":"open","ping_status":"open","sticky":false,"template":"","format":"standard","meta":{"footnotes":""},"categories":[7,1,4],"tags":[],"class_list":["post-21258","post","type-post","status-publish","format-standard","has-post-thumbnail","hentry","category-ecuador","category-inicio","category-internacional"],"_links":{"self":[{"href":"https:\/\/www.lodelmomentoloja.com\/index.php?rest_route=\/wp\/v2\/posts\/21258"}],"collection":[{"href":"https:\/\/www.lodelmomentoloja.com\/index.php?rest_route=\/wp\/v2\/posts"}],"about":[{"href":"https:\/\/www.lodelmomentoloja.com\/index.php?rest_route=\/wp\/v2\/types\/post"}],"author":[{"embeddable":true,"href":"https:\/\/www.lodelmomentoloja.com\/index.php?rest_route=\/wp\/v2\/users\/1"}],"replies":[{"embeddable":true,"href":"https:\/\/www.lodelmomentoloja.com\/index.php?rest_route=%2Fwp%2Fv2%2Fcomments&post=21258"}],"version-history":[{"count":1,"href":"https:\/\/www.lodelmomentoloja.com\/index.php?rest_route=\/wp\/v2\/posts\/21258\/revisions"}],"predecessor-version":[{"id":21261,"href":"https:\/\/www.lodelmomentoloja.com\/index.php?rest_route=\/wp\/v2\/posts\/21258\/revisions\/21261"}],"wp:featuredmedia":[{"embeddable":true,"href":"https:\/\/www.lodelmomentoloja.com\/index.php?rest_route=\/wp\/v2\/media\/21260"}],"wp:attachment":[{"href":"https:\/\/www.lodelmomentoloja.com\/index.php?rest_route=%2Fwp%2Fv2%2Fmedia&parent=21258"}],"wp:term":[{"taxonomy":"category","embeddable":true,"href":"https:\/\/www.lodelmomentoloja.com\/index.php?rest_route=%2Fwp%2Fv2%2Fcategories&post=21258"},{"taxonomy":"post_tag","embeddable":true,"href":"https:\/\/www.lodelmomentoloja.com\/index.php?rest_route=%2Fwp%2Fv2%2Ftags&post=21258"}],"curies":[{"name":"wp","href":"https:\/\/api.w.org\/{rel}","templated":true}]}}