{"id":21232,"date":"2024-07-02T15:25:14","date_gmt":"2024-07-02T15:25:14","guid":{"rendered":"https:\/\/www.lodelmomentoloja.com\/?p=21232"},"modified":"2024-07-02T20:26:54","modified_gmt":"2024-07-02T20:26:54","slug":"nueva-gobernadora-de-loja-es-posicionada-por-daniel-noboa","status":"publish","type":"post","link":"https:\/\/www.lodelmomentoloja.com\/?p=21232","title":{"rendered":"Nueva gobernadora de Loja, es posicionada por Daniel Noboa"},"content":{"rendered":"<p>\ud83d\ude33\ud83d\udcc4\u2712\ufe0f\u00a1Nueva al cargo! A trav\u00e9s del decreto ejecutivo N\u00ba 319, el presidente Daniel Noboa, ha dispuesto designar a la se\u00f1ora Alexandra Jara Minga, como gobernadora de la provincia de Loja, esto en reemplazo de Pa\u00fal Aguilar Sotomayor. Dicha designaci\u00f3n entra en vigencia a partir de este 02 de julio del 2024. Jara, se desempe\u00f1aba como Coordinadora Zonal 7 del Ministerio de Gobierno.<\/p>\n<p><img loading=\"lazy\" decoding=\"async\" class=\"alignnone size-medium wp-image-21233\" src=\"http:\/\/www.lodelmomentoloja.com\/wp-content\/uploads\/2024\/07\/IMG-20240702-WA0032-230x300.jpg\" alt=\"\" width=\"230\" height=\"300\" srcset=\"https:\/\/www.lodelmomentoloja.com\/wp-content\/uploads\/2024\/07\/IMG-20240702-WA0032-230x300.jpg 230w, https:\/\/www.lodelmomentoloja.com\/wp-content\/uploads\/2024\/07\/IMG-20240702-WA0032-785x1024.jpg 785w, https:\/\/www.lodelmomentoloja.com\/wp-content\/uploads\/2024\/07\/IMG-20240702-WA0032-768x1001.jpg 768w, https:\/\/www.lodelmomentoloja.com\/wp-content\/uploads\/2024\/07\/IMG-20240702-WA0032-640x834.jpg 640w, https:\/\/www.lodelmomentoloja.com\/wp-content\/uploads\/2024\/07\/IMG-20240702-WA0032-1024x1335.jpg 1024w, https:\/\/www.lodelmomentoloja.com\/wp-content\/uploads\/2024\/07\/IMG-20240702-WA0032.jpg 1080w\" sizes=\"(max-width: 230px) 100vw, 230px\" \/><\/p>\n<p>www.lodelmomentoloja.com<br \/>\n#LDMnoticias #lodelmomentolojaLDM<\/p>\n","protected":false},"excerpt":{"rendered":"<p>\ud83d\ude33\ud83d\udcc4\u2712\ufe0f\u00a1Nueva al cargo! A trav\u00e9s del decreto ejecutivo N\u00ba 319, el presidente Daniel Noboa, ha&#8230;<\/p>\n","protected":false},"author":1,"featured_media":21234,"comment_status":"open","ping_status":"open","sticky":false,"template":"","format":"standard","meta":{"footnotes":""},"categories":[1,5,6],"tags":[],"class_list":["post-21232","post","type-post","status-publish","format-standard","has-post-thumbnail","hentry","category-inicio","category-loja","category-zamora"],"_links":{"self":[{"href":"https:\/\/www.lodelmomentoloja.com\/index.php?rest_route=\/wp\/v2\/posts\/21232"}],"collection":[{"href":"https:\/\/www.lodelmomentoloja.com\/index.php?rest_route=\/wp\/v2\/posts"}],"about":[{"href":"https:\/\/www.lodelmomentoloja.com\/index.php?rest_route=\/wp\/v2\/types\/post"}],"author":[{"embeddable":true,"href":"https:\/\/www.lodelmomentoloja.com\/index.php?rest_route=\/wp\/v2\/users\/1"}],"replies":[{"embeddable":true,"href":"https:\/\/www.lodelmomentoloja.com\/index.php?rest_route=%2Fwp%2Fv2%2Fcomments&post=21232"}],"version-history":[{"count":2,"href":"https:\/\/www.lodelmomentoloja.com\/index.php?rest_route=\/wp\/v2\/posts\/21232\/revisions"}],"predecessor-version":[{"id":21236,"href":"https:\/\/www.lodelmomentoloja.com\/index.php?rest_route=\/wp\/v2\/posts\/21232\/revisions\/21236"}],"wp:featuredmedia":[{"embeddable":true,"href":"https:\/\/www.lodelmomentoloja.com\/index.php?rest_route=\/wp\/v2\/media\/21234"}],"wp:attachment":[{"href":"https:\/\/www.lodelmomentoloja.com\/index.php?rest_route=%2Fwp%2Fv2%2Fmedia&parent=21232"}],"wp:term":[{"taxonomy":"category","embeddable":true,"href":"https:\/\/www.lodelmomentoloja.com\/index.php?rest_route=%2Fwp%2Fv2%2Fcategories&post=21232"},{"taxonomy":"post_tag","embeddable":true,"href":"https:\/\/www.lodelmomentoloja.com\/index.php?rest_route=%2Fwp%2Fv2%2Ftags&post=21232"}],"curies":[{"name":"wp","href":"https:\/\/api.w.org\/{rel}","templated":true}]}}