{"id":21219,"date":"2024-07-02T09:22:33","date_gmt":"2024-07-02T09:22:33","guid":{"rendered":"https:\/\/www.lodelmomentoloja.com\/?p=21219"},"modified":"2024-07-02T14:29:32","modified_gmt":"2024-07-02T14:29:32","slug":"materia-civica-volvera-a-ser-parte-de-la-malla-curricular-educativa-de-ecuador","status":"publish","type":"post","link":"https:\/\/www.lodelmomentoloja.com\/?p=21219","title":{"rendered":"Materia C\u00edvica, volver\u00e1 a ser parte de la malla curricular educativa de Ecuador"},"content":{"rendered":"<p>\ud83d\ude31\ud83d\udc68\ud83c\udffb\u200d\ud83c\udfeb\ud83d\udcda \u00a1Volviendo a los valores! La Ministra de Educaci\u00f3n Alegr\u00eda Crespo anunci\u00f3 que un total de cinco materias, se incluir\u00e1n en la malla curricular educativa de Ecuador, por lo que se ha decidido hacer impresiones (de nuevos textos escolares). Las materias con \u00e9tica como eje transversal, que se incluir\u00e1n son: C\u00edvica, Educaci\u00f3n para el Desarrollo Sostenible, Educaci\u00f3n Socioemocional, Educaci\u00f3n Vial y Educaci\u00f3n financiera.<\/p>\n<p>www.lodelmomentoloja.com<br \/>\n#LDMnoticias #lodelmomentolojaLDM<\/p>\n","protected":false},"excerpt":{"rendered":"<p>\ud83d\ude31\ud83d\udc68\ud83c\udffb\u200d\ud83c\udfeb\ud83d\udcda \u00a1Volviendo a los valores! La Ministra de Educaci\u00f3n Alegr\u00eda Crespo anunci\u00f3 que un total&#8230;<\/p>\n","protected":false},"author":1,"featured_media":21220,"comment_status":"open","ping_status":"open","sticky":false,"template":"","format":"standard","meta":{"footnotes":""},"categories":[7,1],"tags":[],"class_list":["post-21219","post","type-post","status-publish","format-standard","has-post-thumbnail","hentry","category-ecuador","category-inicio"],"_links":{"self":[{"href":"https:\/\/www.lodelmomentoloja.com\/index.php?rest_route=\/wp\/v2\/posts\/21219"}],"collection":[{"href":"https:\/\/www.lodelmomentoloja.com\/index.php?rest_route=\/wp\/v2\/posts"}],"about":[{"href":"https:\/\/www.lodelmomentoloja.com\/index.php?rest_route=\/wp\/v2\/types\/post"}],"author":[{"embeddable":true,"href":"https:\/\/www.lodelmomentoloja.com\/index.php?rest_route=\/wp\/v2\/users\/1"}],"replies":[{"embeddable":true,"href":"https:\/\/www.lodelmomentoloja.com\/index.php?rest_route=%2Fwp%2Fv2%2Fcomments&post=21219"}],"version-history":[{"count":1,"href":"https:\/\/www.lodelmomentoloja.com\/index.php?rest_route=\/wp\/v2\/posts\/21219\/revisions"}],"predecessor-version":[{"id":21221,"href":"https:\/\/www.lodelmomentoloja.com\/index.php?rest_route=\/wp\/v2\/posts\/21219\/revisions\/21221"}],"wp:featuredmedia":[{"embeddable":true,"href":"https:\/\/www.lodelmomentoloja.com\/index.php?rest_route=\/wp\/v2\/media\/21220"}],"wp:attachment":[{"href":"https:\/\/www.lodelmomentoloja.com\/index.php?rest_route=%2Fwp%2Fv2%2Fmedia&parent=21219"}],"wp:term":[{"taxonomy":"category","embeddable":true,"href":"https:\/\/www.lodelmomentoloja.com\/index.php?rest_route=%2Fwp%2Fv2%2Fcategories&post=21219"},{"taxonomy":"post_tag","embeddable":true,"href":"https:\/\/www.lodelmomentoloja.com\/index.php?rest_route=%2Fwp%2Fv2%2Ftags&post=21219"}],"curies":[{"name":"wp","href":"https:\/\/api.w.org\/{rel}","templated":true}]}}