{"id":2098,"date":"2021-01-26T15:00:03","date_gmt":"2021-01-26T15:00:03","guid":{"rendered":"http:\/\/www.lodelmomentoloja.com\/?p=2098"},"modified":"2021-01-26T21:02:16","modified_gmt":"2021-01-26T21:02:16","slug":"nivea-velez-aun-no-sera-llamada-a-juicio","status":"publish","type":"post","link":"https:\/\/www.lodelmomentoloja.com\/?p=2098","title":{"rendered":"NIVEA V\u00c9LEZ A\u00daN NO SER\u00c1 LLAMADA A JUICIO."},"content":{"rendered":"<div class=\"kvgmc6g5 cxmmr5t8 oygrvhab hcukyx3x c1et5uql ii04i59q\">\n<div dir=\"auto\">\n<p><a class=\"oajrlxb2 g5ia77u1 qu0x051f esr5mh6w e9989ue4 r7d6kgcz rq0escxv nhd2j8a9 nc684nl6 p7hjln8o kvgmc6g5 cxmmr5t8 oygrvhab hcukyx3x jb3vyjys rz4wbd8a qt6c0cv9 a8nywdso i1ao9s8h esuyzwwr f1sip0of lzcic4wl q66pz984 gpro0wi8 b1v8xokw\" tabindex=\"0\" role=\"link\" href=\"https:\/\/www.facebook.com\/hashtag\/loja?__eep__=6&amp;__cft__[0]=AZU4kXMVSQNw3y_ZUQ94Pd4sbw0XBaS_qyjepSiyrpLfSNxZUzoi18Zfqt4cGeUrMLBqmHxqU50_bE4SandT2YNWvACOcZnYuLkumvC7Lu7ic7WLsVuarDxz2OthW0oWb-1nhiRdWccfx-mQkdKIfLnm7L3EMHS0QSTOrrB_9nEM9Cly7RATDTylYlhFJ_dqask&amp;__tn__=*NK-R\">Loja<\/a> | Exasamble\u00edsta de Loja a\u00fan no es llamada a juicio.<\/p>\n<\/div>\n<\/div>\n<div class=\"o9v6fnle cxmmr5t8 oygrvhab hcukyx3x c1et5uql ii04i59q\">\n<div dir=\"auto\">Hoy, se realiz\u00f3 la audiencia en la Corte Nacional de Justicia por el presunto delito de concusi\u00f3n en contra de la exlegisladora lojana N\u00edvea V\u00e9lez.<\/div>\n<\/div>\n<div class=\"o9v6fnle cxmmr5t8 oygrvhab hcukyx3x c1et5uql ii04i59q\">\n<div dir=\"auto\">Durante la audiencia Gina G\u00f3mez de la Torre, defensa de V\u00e9lez, asegur\u00f3 que, la Fiscal\u00eda siempre busco la culpabilidad y no la presunci\u00f3n de inocencia de acuerdo al art\u00edculo 76 de la constituci\u00f3n,<\/div>\n<div dir=\"auto\">lo que habr\u00eda provocado linchamiento medi\u00e1tico en contra de su defendida.<\/div>\n<\/div>\n<div class=\"o9v6fnle cxmmr5t8 oygrvhab hcukyx3x c1et5uql ii04i59q\">\n<div dir=\"auto\">Por su lado Wilson Toaing, Fiscal Subrogante, defendi\u00f3 el actuar de la instituci\u00f3n &#8220;la Fiscal\u00eda no hace ni har\u00e1 ese tipo de intervenci\u00f3n&#8221; dijo el Fiscal.<\/div>\n<\/div>\n<div class=\"o9v6fnle cxmmr5t8 oygrvhab hcukyx3x c1et5uql ii04i59q\">\n<div dir=\"auto\">Fiscal\u00eda solicit\u00f3 al Juez Wilman Ter\u00e1n, la finalizaci\u00f3n de la instrucci\u00f3n fiscal y el inici\u00f3 de evaluaci\u00f3n y preparatoria a juicio en contra de la ex asamble\u00edsta Nivea V\u00e9lez.<\/div>\n<\/div>\n<div class=\"o9v6fnle cxmmr5t8 oygrvhab hcukyx3x c1et5uql ii04i59q\">\n<div dir=\"auto\">Sin Embargo, el juez Ter\u00e1n, decidi\u00f3 no aceptar el pedido de Fiscal\u00eda y declara la nulidad parcial del proceso de instrucci\u00f3n fiscal, est\u00e1 nulidad es desde el 18 de noviembre de 2020, por lo que extiende por 49 d\u00edas m\u00e1s el proceso de instrucci\u00f3n fiscal para que Fiscal\u00eda ponga a disposici\u00f3n de las partes procesales las grabaciones digitales y electr\u00f3nicas de las versiones que se recopilaron durante el proceso de investigaci\u00f3n.<\/div>\n<\/div>\n<div class=\"o9v6fnle cxmmr5t8 oygrvhab hcukyx3x c1et5uql ii04i59q\">\n<div dir=\"auto\"><\/div>\n<div dir=\"auto\"><a class=\"oajrlxb2 g5ia77u1 qu0x051f esr5mh6w e9989ue4 r7d6kgcz rq0escxv nhd2j8a9 nc684nl6 p7hjln8o kvgmc6g5 cxmmr5t8 oygrvhab hcukyx3x jb3vyjys rz4wbd8a qt6c0cv9 a8nywdso i1ao9s8h esuyzwwr f1sip0of lzcic4wl q66pz984 gpro0wi8 b1v8xokw\" tabindex=\"0\" role=\"link\" href=\"https:\/\/www.facebook.com\/hashtag\/ldmnoticias?__eep__=6&amp;__cft__[0]=AZU4kXMVSQNw3y_ZUQ94Pd4sbw0XBaS_qyjepSiyrpLfSNxZUzoi18Zfqt4cGeUrMLBqmHxqU50_bE4SandT2YNWvACOcZnYuLkumvC7Lu7ic7WLsVuarDxz2OthW0oWb-1nhiRdWccfx-mQkdKIfLnm7L3EMHS0QSTOrrB_9nEM9Cly7RATDTylYlhFJ_dqask&amp;__tn__=*NK-R\">#LDMnoticias<\/a> <a class=\"oajrlxb2 g5ia77u1 qu0x051f esr5mh6w e9989ue4 r7d6kgcz rq0escxv nhd2j8a9 nc684nl6 p7hjln8o kvgmc6g5 cxmmr5t8 oygrvhab hcukyx3x jb3vyjys rz4wbd8a qt6c0cv9 a8nywdso i1ao9s8h esuyzwwr f1sip0of lzcic4wl q66pz984 gpro0wi8 b1v8xokw\" tabindex=\"0\" role=\"link\" href=\"https:\/\/www.facebook.com\/hashtag\/lodelmomentolojaldm?__eep__=6&amp;__cft__[0]=AZU4kXMVSQNw3y_ZUQ94Pd4sbw0XBaS_qyjepSiyrpLfSNxZUzoi18Zfqt4cGeUrMLBqmHxqU50_bE4SandT2YNWvACOcZnYuLkumvC7Lu7ic7WLsVuarDxz2OthW0oWb-1nhiRdWccfx-mQkdKIfLnm7L3EMHS0QSTOrrB_9nEM9Cly7RATDTylYlhFJ_dqask&amp;__tn__=*NK-R\">#lodelmomentolojaLDM<\/a><\/div>\n<\/div>\n","protected":false},"excerpt":{"rendered":"<p>Loja | Exasamble\u00edsta de Loja a\u00fan no es llamada a juicio. Hoy, se realiz\u00f3 la&#8230;<\/p>\n","protected":false},"author":1,"featured_media":2099,"comment_status":"open","ping_status":"open","sticky":false,"template":"","format":"standard","meta":{"footnotes":""},"categories":[1,5],"tags":[],"class_list":["post-2098","post","type-post","status-publish","format-standard","has-post-thumbnail","hentry","category-inicio","category-loja"],"_links":{"self":[{"href":"https:\/\/www.lodelmomentoloja.com\/index.php?rest_route=\/wp\/v2\/posts\/2098"}],"collection":[{"href":"https:\/\/www.lodelmomentoloja.com\/index.php?rest_route=\/wp\/v2\/posts"}],"about":[{"href":"https:\/\/www.lodelmomentoloja.com\/index.php?rest_route=\/wp\/v2\/types\/post"}],"author":[{"embeddable":true,"href":"https:\/\/www.lodelmomentoloja.com\/index.php?rest_route=\/wp\/v2\/users\/1"}],"replies":[{"embeddable":true,"href":"https:\/\/www.lodelmomentoloja.com\/index.php?rest_route=%2Fwp%2Fv2%2Fcomments&post=2098"}],"version-history":[{"count":3,"href":"https:\/\/www.lodelmomentoloja.com\/index.php?rest_route=\/wp\/v2\/posts\/2098\/revisions"}],"predecessor-version":[{"id":2102,"href":"https:\/\/www.lodelmomentoloja.com\/index.php?rest_route=\/wp\/v2\/posts\/2098\/revisions\/2102"}],"wp:featuredmedia":[{"embeddable":true,"href":"https:\/\/www.lodelmomentoloja.com\/index.php?rest_route=\/wp\/v2\/media\/2099"}],"wp:attachment":[{"href":"https:\/\/www.lodelmomentoloja.com\/index.php?rest_route=%2Fwp%2Fv2%2Fmedia&parent=2098"}],"wp:term":[{"taxonomy":"category","embeddable":true,"href":"https:\/\/www.lodelmomentoloja.com\/index.php?rest_route=%2Fwp%2Fv2%2Fcategories&post=2098"},{"taxonomy":"post_tag","embeddable":true,"href":"https:\/\/www.lodelmomentoloja.com\/index.php?rest_route=%2Fwp%2Fv2%2Ftags&post=2098"}],"curies":[{"name":"wp","href":"https:\/\/api.w.org\/{rel}","templated":true}]}}