{"id":20978,"date":"2024-06-18T11:13:32","date_gmt":"2024-06-18T11:13:32","guid":{"rendered":"https:\/\/www.lodelmomentoloja.com\/?p=20978"},"modified":"2024-06-19T04:11:11","modified_gmt":"2024-06-19T04:11:11","slug":"jose-bolivar-castillo-y-rafael-davila-en-la-mira-de-la-asamblea-nacional","status":"publish","type":"post","link":"https:\/\/www.lodelmomentoloja.com\/?p=20978","title":{"rendered":"Jos\u00e9 Bol\u00edvar Castillo y Rafael D\u00e1vila en la mira de la Asamblea Nacional"},"content":{"rendered":"<p>\ud83e\udd96\ud83d\udcdd\ud83e\udd28\u00a1Qui\u00e9n ser\u00eda mejor! El calendario de las elecciones 2025 va teniendo reducidos los plazos, y es as\u00ed, que seg\u00fan el calendario electoral, del 3 al 17 de agosto ser\u00e1n los procesos de democracia interna en las diferentes organizaciones, m\u00e1s conocido como las primarias (menos de 2 meses) para elegir a las figuras que ir\u00e1n como candidatos a la asamblea nacional y las diferentes provincias. En Loja, 21 organizaciones han sido calificadas por el CNE -Sin contar las nacionales- y ya suenan los nombres de Jos\u00e9 Bol\u00edvar Castillo por ARE y Rafael D\u00e1vila por SUMA-CREO, sin embargo, a\u00fan se espera que en los meses subsiguientes se conozca la decisi\u00f3n final, el uno por la elecci\u00f3n y el otro por la reelecci\u00f3n. \u00bfFiscalizar\u00edan o amarrar\u00edan con el poder?<\/p>\n<p>www.lodelmomentoloja.com<br \/>\n#LDMnoticias #lodelmomentolojaLDM<\/p>\n","protected":false},"excerpt":{"rendered":"<p>\ud83e\udd96\ud83d\udcdd\ud83e\udd28\u00a1Qui\u00e9n ser\u00eda mejor! El calendario de las elecciones 2025 va teniendo reducidos los plazos, y&#8230;<\/p>\n","protected":false},"author":1,"featured_media":20979,"comment_status":"open","ping_status":"open","sticky":false,"template":"","format":"standard","meta":{"footnotes":""},"categories":[7,1],"tags":[],"class_list":["post-20978","post","type-post","status-publish","format-standard","has-post-thumbnail","hentry","category-ecuador","category-inicio"],"_links":{"self":[{"href":"https:\/\/www.lodelmomentoloja.com\/index.php?rest_route=\/wp\/v2\/posts\/20978"}],"collection":[{"href":"https:\/\/www.lodelmomentoloja.com\/index.php?rest_route=\/wp\/v2\/posts"}],"about":[{"href":"https:\/\/www.lodelmomentoloja.com\/index.php?rest_route=\/wp\/v2\/types\/post"}],"author":[{"embeddable":true,"href":"https:\/\/www.lodelmomentoloja.com\/index.php?rest_route=\/wp\/v2\/users\/1"}],"replies":[{"embeddable":true,"href":"https:\/\/www.lodelmomentoloja.com\/index.php?rest_route=%2Fwp%2Fv2%2Fcomments&post=20978"}],"version-history":[{"count":4,"href":"https:\/\/www.lodelmomentoloja.com\/index.php?rest_route=\/wp\/v2\/posts\/20978\/revisions"}],"predecessor-version":[{"id":20992,"href":"https:\/\/www.lodelmomentoloja.com\/index.php?rest_route=\/wp\/v2\/posts\/20978\/revisions\/20992"}],"wp:featuredmedia":[{"embeddable":true,"href":"https:\/\/www.lodelmomentoloja.com\/index.php?rest_route=\/wp\/v2\/media\/20979"}],"wp:attachment":[{"href":"https:\/\/www.lodelmomentoloja.com\/index.php?rest_route=%2Fwp%2Fv2%2Fmedia&parent=20978"}],"wp:term":[{"taxonomy":"category","embeddable":true,"href":"https:\/\/www.lodelmomentoloja.com\/index.php?rest_route=%2Fwp%2Fv2%2Fcategories&post=20978"},{"taxonomy":"post_tag","embeddable":true,"href":"https:\/\/www.lodelmomentoloja.com\/index.php?rest_route=%2Fwp%2Fv2%2Ftags&post=20978"}],"curies":[{"name":"wp","href":"https:\/\/api.w.org\/{rel}","templated":true}]}}