{"id":20969,"date":"2024-06-18T08:55:21","date_gmt":"2024-06-18T08:55:21","guid":{"rendered":"https:\/\/www.lodelmomentoloja.com\/?p=20969"},"modified":"2024-06-18T13:56:22","modified_gmt":"2024-06-18T13:56:22","slug":"noboa-lanza-criticas-contra-bukele-y-milei","status":"publish","type":"post","link":"https:\/\/www.lodelmomentoloja.com\/?p=20969","title":{"rendered":"Noboa lanza cr\u00edticas contra Bukele y Milei"},"content":{"rendered":"<p>\ud83c\uddea\ud83c\udde8\ud83d\udde3\ufe0f\ud83d\udc4a\ud83c\udffb \u00a1Una tras otra! Durante una entrevista con el periodista Jon Lee Anderson de The New Yorker, el presidente ecuatoriano Daniel Noboa lanz\u00f3 duras cr\u00edticas contra los mandatarios Javier Milei (Argentina) y Nayib Bukele (El Salvador), causando revuelo entre los internautas.<\/p>\n<p>\ud83d\udde3\ufe0f Con respecto a Bukele: &#8220;Es arrogante y parece estar interesado \u00fanicamente en controlar el poder para s\u00ed mismo y enriquecer a su familia&#8221;, adem\u00e1s se refiri\u00f3 al pa\u00eds (El Salvador) como si fuera del tama\u00f1o de Guayas.<\/p>\n<p>\ud83d\udde3\ufe0f Con respecto a Milei: &#8220;No se por qu\u00e9 piensa que es tan genial. No ha logrado nada desde que es presidente. Es engre\u00eddo, lo cual es muy argentino.&#8221;<\/p>\n<p>www.lodelmomentoloja.com<br \/>\n#LDMnoticias #lodelmomentolojaLDM<\/p>\n","protected":false},"excerpt":{"rendered":"<p>\ud83c\uddea\ud83c\udde8\ud83d\udde3\ufe0f\ud83d\udc4a\ud83c\udffb \u00a1Una tras otra! Durante una entrevista con el periodista Jon Lee Anderson de The&#8230;<\/p>\n","protected":false},"author":1,"featured_media":20970,"comment_status":"open","ping_status":"open","sticky":false,"template":"","format":"standard","meta":{"footnotes":""},"categories":[7,1,4],"tags":[],"class_list":["post-20969","post","type-post","status-publish","format-standard","has-post-thumbnail","hentry","category-ecuador","category-inicio","category-internacional"],"_links":{"self":[{"href":"https:\/\/www.lodelmomentoloja.com\/index.php?rest_route=\/wp\/v2\/posts\/20969"}],"collection":[{"href":"https:\/\/www.lodelmomentoloja.com\/index.php?rest_route=\/wp\/v2\/posts"}],"about":[{"href":"https:\/\/www.lodelmomentoloja.com\/index.php?rest_route=\/wp\/v2\/types\/post"}],"author":[{"embeddable":true,"href":"https:\/\/www.lodelmomentoloja.com\/index.php?rest_route=\/wp\/v2\/users\/1"}],"replies":[{"embeddable":true,"href":"https:\/\/www.lodelmomentoloja.com\/index.php?rest_route=%2Fwp%2Fv2%2Fcomments&post=20969"}],"version-history":[{"count":1,"href":"https:\/\/www.lodelmomentoloja.com\/index.php?rest_route=\/wp\/v2\/posts\/20969\/revisions"}],"predecessor-version":[{"id":20971,"href":"https:\/\/www.lodelmomentoloja.com\/index.php?rest_route=\/wp\/v2\/posts\/20969\/revisions\/20971"}],"wp:featuredmedia":[{"embeddable":true,"href":"https:\/\/www.lodelmomentoloja.com\/index.php?rest_route=\/wp\/v2\/media\/20970"}],"wp:attachment":[{"href":"https:\/\/www.lodelmomentoloja.com\/index.php?rest_route=%2Fwp%2Fv2%2Fmedia&parent=20969"}],"wp:term":[{"taxonomy":"category","embeddable":true,"href":"https:\/\/www.lodelmomentoloja.com\/index.php?rest_route=%2Fwp%2Fv2%2Fcategories&post=20969"},{"taxonomy":"post_tag","embeddable":true,"href":"https:\/\/www.lodelmomentoloja.com\/index.php?rest_route=%2Fwp%2Fv2%2Ftags&post=20969"}],"curies":[{"name":"wp","href":"https:\/\/api.w.org\/{rel}","templated":true}]}}