{"id":20962,"date":"2024-06-17T11:05:24","date_gmt":"2024-06-17T11:05:24","guid":{"rendered":"https:\/\/www.lodelmomentoloja.com\/?p=20962"},"modified":"2024-06-17T16:06:52","modified_gmt":"2024-06-17T16:06:52","slug":"joven-lojana-rindio-homenaje-al-legado-de-matilde-hidalgo-a-nivel-nacional","status":"publish","type":"post","link":"https:\/\/www.lodelmomentoloja.com\/?p=20962","title":{"rendered":"Joven lojana rindi\u00f3 homenaje al legado de Matilde Hidalgo a nivel nacional"},"content":{"rendered":"<p>Sof\u00eda Lara Valarezo, estudiante del Colegio Eugenio Espejo de la ciudad de Loja, exalt\u00f3 el legado de Matilde Hidalgo de Procel en dos importantes eventos realizados en la capital del pa\u00eds.<\/p>\n<p>En el marco de los 100 a\u00f1os de conmemoraci\u00f3n del Voto Femenino en Ecuador, impulsado por la lojana Matilde Hidalgo de Procel, se desarrollaron en nuestro pa\u00eds varios eventos para rendir homenaje al trabajo y lucha de este destacado personaje en la historia latinoamericana.<\/p>\n<p>Bajo este contexto, Sof\u00eda Alejandra Lara Valarezo, estudiante del Primer a\u00f1o de Bachillerato del Colegio Eugenio Espejo de la ciudad de Loja, fue invitada a participar en dos importantes semblanzas a nivel nacional, debido a su excelente desempe\u00f1o y habilidades en oratoria.<\/p>\n<p>Sof\u00eda particip\u00f3 el lunes 10 de junio en su primera semblanza, organizada por el Consejo Nacional Electoral (CNE) en la ciudad de Quito. En este evento, ante la presencia de autoridades nacionales, invitados especiales y la familia de Matilde Hidalgo, destac\u00f3 el legado de esta insigne mujer que transform\u00f3 la democracia en la regi\u00f3n y contin\u00faa inspirando a las nuevas generaciones en la defensa de sus derechos.<\/p>\n<p>La segunda semblanza de Sof\u00eda tuvo lugar el jueves 13 de junio, durante la sesi\u00f3n N\u00ba 933 del Pleno de la Asamblea Nacional, donde nuevamente tuvo la oportunidad de rendir homenaje al aporte de esta ic\u00f3nica luchadora, subrayando su valent\u00eda y defensa por los derechos, resaltando c\u00f3mo su legado sigue vivo en el coraz\u00f3n de los ecuatorianos.<\/p>\n<p>En ambas intervenciones, la joven estudiante de bachillerato demostr\u00f3 su talento en la oratoria, capturando la atenci\u00f3n del p\u00fablico con semblanzas elocuentes, inspiradoras y conmovedoras.<\/p>\n<p>Sobre Sof\u00eda Lara Valarezo<\/p>\n<p>Es una joven lojana que, desde temprana edad, ha demostrado pasi\u00f3n por el arte de la oratoria y el conocimiento. Con una gran habilidad para expresar sus ideas de manera clara y persuasiva, ha ganado tres importantes concursos de oratoria: el concurso sobre la vida y obra de Vicente Rodr\u00edguez Witt en 2023, y los concursos sobre Manuel Esteban Godoy y P\u00edo Jaramillo Alvarado en 2024.<\/p>\n<p>Su capacidad para comunicarse de manera efectiva y su dedicaci\u00f3n la han convertido en una promesa de la oratoria, representando el esp\u00edritu de superaci\u00f3n y dedicaci\u00f3n que caracteriza a la juventud lojana.<\/p>\n<p><img loading=\"lazy\" decoding=\"async\" class=\"alignnone size-medium wp-image-20963\" src=\"http:\/\/www.lodelmomentoloja.com\/wp-content\/uploads\/2024\/06\/IMG-20240617-WA0001-300x243.jpg\" alt=\"\" width=\"300\" height=\"243\" srcset=\"https:\/\/www.lodelmomentoloja.com\/wp-content\/uploads\/2024\/06\/IMG-20240617-WA0001-300x243.jpg 300w, https:\/\/www.lodelmomentoloja.com\/wp-content\/uploads\/2024\/06\/IMG-20240617-WA0001-1024x831.jpg 1024w, https:\/\/www.lodelmomentoloja.com\/wp-content\/uploads\/2024\/06\/IMG-20240617-WA0001-768x623.jpg 768w, https:\/\/www.lodelmomentoloja.com\/wp-content\/uploads\/2024\/06\/IMG-20240617-WA0001-640x519.jpg 640w, https:\/\/www.lodelmomentoloja.com\/wp-content\/uploads\/2024\/06\/IMG-20240617-WA0001.jpg 1051w\" sizes=\"(max-width: 300px) 100vw, 300px\" \/><\/p>\n<p>S\u00edguenos #LDMnoticias \u00f3 #lodelmomentolojaLDM<\/p>\n","protected":false},"excerpt":{"rendered":"<p>Sof\u00eda Lara Valarezo, estudiante del Colegio Eugenio Espejo de la ciudad de Loja, exalt\u00f3 el&#8230;<\/p>\n","protected":false},"author":1,"featured_media":20964,"comment_status":"open","ping_status":"open","sticky":false,"template":"","format":"standard","meta":{"footnotes":""},"categories":[7,1,5],"tags":[],"class_list":["post-20962","post","type-post","status-publish","format-standard","has-post-thumbnail","hentry","category-ecuador","category-inicio","category-loja"],"_links":{"self":[{"href":"https:\/\/www.lodelmomentoloja.com\/index.php?rest_route=\/wp\/v2\/posts\/20962"}],"collection":[{"href":"https:\/\/www.lodelmomentoloja.com\/index.php?rest_route=\/wp\/v2\/posts"}],"about":[{"href":"https:\/\/www.lodelmomentoloja.com\/index.php?rest_route=\/wp\/v2\/types\/post"}],"author":[{"embeddable":true,"href":"https:\/\/www.lodelmomentoloja.com\/index.php?rest_route=\/wp\/v2\/users\/1"}],"replies":[{"embeddable":true,"href":"https:\/\/www.lodelmomentoloja.com\/index.php?rest_route=%2Fwp%2Fv2%2Fcomments&post=20962"}],"version-history":[{"count":1,"href":"https:\/\/www.lodelmomentoloja.com\/index.php?rest_route=\/wp\/v2\/posts\/20962\/revisions"}],"predecessor-version":[{"id":20965,"href":"https:\/\/www.lodelmomentoloja.com\/index.php?rest_route=\/wp\/v2\/posts\/20962\/revisions\/20965"}],"wp:featuredmedia":[{"embeddable":true,"href":"https:\/\/www.lodelmomentoloja.com\/index.php?rest_route=\/wp\/v2\/media\/20964"}],"wp:attachment":[{"href":"https:\/\/www.lodelmomentoloja.com\/index.php?rest_route=%2Fwp%2Fv2%2Fmedia&parent=20962"}],"wp:term":[{"taxonomy":"category","embeddable":true,"href":"https:\/\/www.lodelmomentoloja.com\/index.php?rest_route=%2Fwp%2Fv2%2Fcategories&post=20962"},{"taxonomy":"post_tag","embeddable":true,"href":"https:\/\/www.lodelmomentoloja.com\/index.php?rest_route=%2Fwp%2Fv2%2Ftags&post=20962"}],"curies":[{"name":"wp","href":"https:\/\/api.w.org\/{rel}","templated":true}]}}