{"id":20927,"date":"2024-06-13T10:43:45","date_gmt":"2024-06-13T10:43:45","guid":{"rendered":"https:\/\/www.lodelmomentoloja.com\/?p=20927"},"modified":"2024-06-13T15:53:15","modified_gmt":"2024-06-13T15:53:15","slug":"renato-gordon-con-foto-de-los-guayacanes-gano-concurso-de-fotografia","status":"publish","type":"post","link":"https:\/\/www.lodelmomentoloja.com\/?p=20927","title":{"rendered":"Renato Gord\u00f3n con foto de los Guayacanes, gan\u00f3 concurso de fotograf\u00eda"},"content":{"rendered":"<p>\ud83d\udcf7\ud83c\udfc6\ud83c\udf33\u00a1Gan\u00f3 la de los Guayacanes! En el cant\u00f3n Paltas, por el d\u00e9cimo aniversario de la Declaratoria Reserva de Biosfera &#8220;Bosque Seco&#8221; con la participaci\u00f3n de autoridades locales, nacionales y p\u00fablico en general se llev\u00f3 a cabo el resultado del concurso &#8220;Conservando las maravillas de la Reserva de Bi\u00f3sfera Bosque Seco&#8221; mismo que se gener\u00f3 en redes sociales y que cont\u00f3 con m\u00e1s de 20 fotograf\u00edas, y reconociendo a las mejores fotograf\u00edas.<\/p>\n<p>Renato Gord\u00f3n, gan\u00f3 Concurso de Fotograf\u00eda organizado por la Mancomunidad Bosque Seco exponiendo al florecimiento de los guayacanes, el segundo, fue para Jossep Merch\u00e1n y el tercero para Luisa Reyes, sus premios fueron entregados en la sesi\u00f3n solemne.<\/p>\n<p><img loading=\"lazy\" decoding=\"async\" class=\"alignnone size-medium wp-image-20928\" src=\"http:\/\/www.lodelmomentoloja.com\/wp-content\/uploads\/2024\/06\/PLANTILLA-NOTICIAS-2023DS-266x300.jpg\" alt=\"\" width=\"266\" height=\"300\" srcset=\"https:\/\/www.lodelmomentoloja.com\/wp-content\/uploads\/2024\/06\/PLANTILLA-NOTICIAS-2023DS-266x300.jpg 266w, https:\/\/www.lodelmomentoloja.com\/wp-content\/uploads\/2024\/06\/PLANTILLA-NOTICIAS-2023DS-906x1024.jpg 906w, https:\/\/www.lodelmomentoloja.com\/wp-content\/uploads\/2024\/06\/PLANTILLA-NOTICIAS-2023DS-768x868.jpg 768w, https:\/\/www.lodelmomentoloja.com\/wp-content\/uploads\/2024\/06\/PLANTILLA-NOTICIAS-2023DS-640x723.jpg 640w, https:\/\/www.lodelmomentoloja.com\/wp-content\/uploads\/2024\/06\/PLANTILLA-NOTICIAS-2023DS-1360x1536.jpg 1360w, https:\/\/www.lodelmomentoloja.com\/wp-content\/uploads\/2024\/06\/PLANTILLA-NOTICIAS-2023DS-1813x2048.jpg 1813w, https:\/\/www.lodelmomentoloja.com\/wp-content\/uploads\/2024\/06\/PLANTILLA-NOTICIAS-2023DS-1024x1157.jpg 1024w\" sizes=\"(max-width: 266px) 100vw, 266px\" \/><\/p>\n<p>www.lodelmomentoloja.com<br \/>\n#LDMnoticias #lodelmomentolojaLDM<\/p>\n","protected":false},"excerpt":{"rendered":"<p>\ud83d\udcf7\ud83c\udfc6\ud83c\udf33\u00a1Gan\u00f3 la de los Guayacanes! En el cant\u00f3n Paltas, por el d\u00e9cimo aniversario de la&#8230;<\/p>\n","protected":false},"author":1,"featured_media":20929,"comment_status":"open","ping_status":"open","sticky":false,"template":"","format":"standard","meta":{"footnotes":""},"categories":[7,1,5],"tags":[],"class_list":["post-20927","post","type-post","status-publish","format-standard","has-post-thumbnail","hentry","category-ecuador","category-inicio","category-loja"],"_links":{"self":[{"href":"https:\/\/www.lodelmomentoloja.com\/index.php?rest_route=\/wp\/v2\/posts\/20927"}],"collection":[{"href":"https:\/\/www.lodelmomentoloja.com\/index.php?rest_route=\/wp\/v2\/posts"}],"about":[{"href":"https:\/\/www.lodelmomentoloja.com\/index.php?rest_route=\/wp\/v2\/types\/post"}],"author":[{"embeddable":true,"href":"https:\/\/www.lodelmomentoloja.com\/index.php?rest_route=\/wp\/v2\/users\/1"}],"replies":[{"embeddable":true,"href":"https:\/\/www.lodelmomentoloja.com\/index.php?rest_route=%2Fwp%2Fv2%2Fcomments&post=20927"}],"version-history":[{"count":1,"href":"https:\/\/www.lodelmomentoloja.com\/index.php?rest_route=\/wp\/v2\/posts\/20927\/revisions"}],"predecessor-version":[{"id":20930,"href":"https:\/\/www.lodelmomentoloja.com\/index.php?rest_route=\/wp\/v2\/posts\/20927\/revisions\/20930"}],"wp:featuredmedia":[{"embeddable":true,"href":"https:\/\/www.lodelmomentoloja.com\/index.php?rest_route=\/wp\/v2\/media\/20929"}],"wp:attachment":[{"href":"https:\/\/www.lodelmomentoloja.com\/index.php?rest_route=%2Fwp%2Fv2%2Fmedia&parent=20927"}],"wp:term":[{"taxonomy":"category","embeddable":true,"href":"https:\/\/www.lodelmomentoloja.com\/index.php?rest_route=%2Fwp%2Fv2%2Fcategories&post=20927"},{"taxonomy":"post_tag","embeddable":true,"href":"https:\/\/www.lodelmomentoloja.com\/index.php?rest_route=%2Fwp%2Fv2%2Ftags&post=20927"}],"curies":[{"name":"wp","href":"https:\/\/api.w.org\/{rel}","templated":true}]}}