{"id":20915,"date":"2024-06-12T17:00:22","date_gmt":"2024-06-12T17:00:22","guid":{"rendered":"https:\/\/www.lodelmomentoloja.com\/?p=20915"},"modified":"2024-06-12T22:01:05","modified_gmt":"2024-06-12T22:01:05","slug":"asamblea-decidira-si-o-no-autorizar-el-enjuiciamiento-penal-contra-veronica-abad","status":"publish","type":"post","link":"https:\/\/www.lodelmomentoloja.com\/?p=20915","title":{"rendered":"Asamblea decidir\u00e1 (si o no) autorizar el enjuiciamiento penal contra Ver\u00f3nica Abad"},"content":{"rendered":"<p>\ud83d\ude31\ud83d\udde3\ufe0f\u2696\ufe0f \u00a1Van a votaci\u00f3n! El presidente de la Asamblea Nacional, Henry Kronfle, ha decidido convocar al pleno este 14 de junio, a una sesi\u00f3n extraordinaria con el fin de conocer y resolver la autorizaci\u00f3n para enjuiciar penalmente, por el delito de concusi\u00f3n, a la vicepresidenta Ver\u00f3nica Abad, seg\u00fan lo solicitado por la Fiscal General, Diana Salazar. Adem\u00e1s solicitan autorizaci\u00f3n para que el lunes 17 de junio, se realice una audiencia p\u00fablica y reformular cargos contra Francisco B. (Hijo de Abad) y Daniel L. Redrov\u00e1n (Asesor) y vincularlos al proceso.<\/p>\n<p>www.lodelmomentoloja.com<br \/>\n#LDMnoticias #lodelmomentolojaLDM<\/p>\n","protected":false},"excerpt":{"rendered":"<p>\ud83d\ude31\ud83d\udde3\ufe0f\u2696\ufe0f \u00a1Van a votaci\u00f3n! El presidente de la Asamblea Nacional, Henry Kronfle, ha decidido convocar&#8230;<\/p>\n","protected":false},"author":1,"featured_media":20916,"comment_status":"open","ping_status":"open","sticky":false,"template":"","format":"standard","meta":{"footnotes":""},"categories":[7,1],"tags":[],"class_list":["post-20915","post","type-post","status-publish","format-standard","has-post-thumbnail","hentry","category-ecuador","category-inicio"],"_links":{"self":[{"href":"https:\/\/www.lodelmomentoloja.com\/index.php?rest_route=\/wp\/v2\/posts\/20915"}],"collection":[{"href":"https:\/\/www.lodelmomentoloja.com\/index.php?rest_route=\/wp\/v2\/posts"}],"about":[{"href":"https:\/\/www.lodelmomentoloja.com\/index.php?rest_route=\/wp\/v2\/types\/post"}],"author":[{"embeddable":true,"href":"https:\/\/www.lodelmomentoloja.com\/index.php?rest_route=\/wp\/v2\/users\/1"}],"replies":[{"embeddable":true,"href":"https:\/\/www.lodelmomentoloja.com\/index.php?rest_route=%2Fwp%2Fv2%2Fcomments&post=20915"}],"version-history":[{"count":1,"href":"https:\/\/www.lodelmomentoloja.com\/index.php?rest_route=\/wp\/v2\/posts\/20915\/revisions"}],"predecessor-version":[{"id":20917,"href":"https:\/\/www.lodelmomentoloja.com\/index.php?rest_route=\/wp\/v2\/posts\/20915\/revisions\/20917"}],"wp:featuredmedia":[{"embeddable":true,"href":"https:\/\/www.lodelmomentoloja.com\/index.php?rest_route=\/wp\/v2\/media\/20916"}],"wp:attachment":[{"href":"https:\/\/www.lodelmomentoloja.com\/index.php?rest_route=%2Fwp%2Fv2%2Fmedia&parent=20915"}],"wp:term":[{"taxonomy":"category","embeddable":true,"href":"https:\/\/www.lodelmomentoloja.com\/index.php?rest_route=%2Fwp%2Fv2%2Fcategories&post=20915"},{"taxonomy":"post_tag","embeddable":true,"href":"https:\/\/www.lodelmomentoloja.com\/index.php?rest_route=%2Fwp%2Fv2%2Ftags&post=20915"}],"curies":[{"name":"wp","href":"https:\/\/api.w.org\/{rel}","templated":true}]}}