{"id":20858,"date":"2024-06-10T10:33:49","date_gmt":"2024-06-10T10:33:49","guid":{"rendered":"https:\/\/www.lodelmomentoloja.com\/?p=20858"},"modified":"2024-06-10T15:37:51","modified_gmt":"2024-06-10T15:37:51","slug":"veronica-abad-sera-vinculada-al-caso-nene","status":"publish","type":"post","link":"https:\/\/www.lodelmomentoloja.com\/?p=20858","title":{"rendered":"Ver\u00f3nica Abad ser\u00e1 vinculada al &#8216;Caso Nene&#8217;"},"content":{"rendered":"<p>\ud83d\ude31\ud83d\udd17\ud83d\udc68\ud83c\udffb\u200d\u2696\ufe0f \u00a1La vice involucrada! El denominado &#8216;Caso Nene&#8217;, realizado en el marco de investigaci\u00f3n por presunta oferta de tr\u00e1fico de influencias en la Vicepresidencia de la Rep\u00fablica y que involucra al hijo de la segunda mandataria Ver\u00f3nica Abad, pas\u00f3 a la Unidad de Fuero de la Corte Nacional, seg\u00fan inform\u00f3 la FGE. Esto debido a que habr\u00edan elementos que vinculan a la vicepresidenta en este caso y se asegura que existieron disposiciones directas en los hechos irregulares que se investigan.<\/p>\n<div style=\"width: 640px;\" class=\"wp-video\"><!--[if lt IE 9]><script>document.createElement('video');<\/script><![endif]-->\n<video class=\"wp-video-shortcode\" id=\"video-20858-1\" width=\"640\" height=\"360\" preload=\"metadata\" controls=\"controls\"><source type=\"video\/mp4\" src=\"http:\/\/www.lodelmomentoloja.com\/wp-content\/uploads\/2024\/06\/ssstwitter.com_1718031374974.mp4?_=1\" \/><a href=\"http:\/\/www.lodelmomentoloja.com\/wp-content\/uploads\/2024\/06\/ssstwitter.com_1718031374974.mp4\">http:\/\/www.lodelmomentoloja.com\/wp-content\/uploads\/2024\/06\/ssstwitter.com_1718031374974.mp4<\/a><\/video><\/div>\n<p>www.lodelmomentoloja.com<br \/>\n#LDMnoticias #lodelmomentolojaLDM<\/p>\n","protected":false},"excerpt":{"rendered":"<p>\ud83d\ude31\ud83d\udd17\ud83d\udc68\ud83c\udffb\u200d\u2696\ufe0f \u00a1La vice involucrada! El denominado &#8216;Caso Nene&#8217;, realizado en el marco de investigaci\u00f3n por&#8230;<\/p>\n","protected":false},"author":1,"featured_media":20859,"comment_status":"open","ping_status":"open","sticky":false,"template":"","format":"standard","meta":{"footnotes":""},"categories":[7,1],"tags":[],"class_list":["post-20858","post","type-post","status-publish","format-standard","has-post-thumbnail","hentry","category-ecuador","category-inicio"],"_links":{"self":[{"href":"https:\/\/www.lodelmomentoloja.com\/index.php?rest_route=\/wp\/v2\/posts\/20858"}],"collection":[{"href":"https:\/\/www.lodelmomentoloja.com\/index.php?rest_route=\/wp\/v2\/posts"}],"about":[{"href":"https:\/\/www.lodelmomentoloja.com\/index.php?rest_route=\/wp\/v2\/types\/post"}],"author":[{"embeddable":true,"href":"https:\/\/www.lodelmomentoloja.com\/index.php?rest_route=\/wp\/v2\/users\/1"}],"replies":[{"embeddable":true,"href":"https:\/\/www.lodelmomentoloja.com\/index.php?rest_route=%2Fwp%2Fv2%2Fcomments&post=20858"}],"version-history":[{"count":1,"href":"https:\/\/www.lodelmomentoloja.com\/index.php?rest_route=\/wp\/v2\/posts\/20858\/revisions"}],"predecessor-version":[{"id":20861,"href":"https:\/\/www.lodelmomentoloja.com\/index.php?rest_route=\/wp\/v2\/posts\/20858\/revisions\/20861"}],"wp:featuredmedia":[{"embeddable":true,"href":"https:\/\/www.lodelmomentoloja.com\/index.php?rest_route=\/wp\/v2\/media\/20859"}],"wp:attachment":[{"href":"https:\/\/www.lodelmomentoloja.com\/index.php?rest_route=%2Fwp%2Fv2%2Fmedia&parent=20858"}],"wp:term":[{"taxonomy":"category","embeddable":true,"href":"https:\/\/www.lodelmomentoloja.com\/index.php?rest_route=%2Fwp%2Fv2%2Fcategories&post=20858"},{"taxonomy":"post_tag","embeddable":true,"href":"https:\/\/www.lodelmomentoloja.com\/index.php?rest_route=%2Fwp%2Fv2%2Ftags&post=20858"}],"curies":[{"name":"wp","href":"https:\/\/api.w.org\/{rel}","templated":true}]}}