{"id":20854,"date":"2024-06-10T09:00:38","date_gmt":"2024-06-10T09:00:38","guid":{"rendered":"https:\/\/www.lodelmomentoloja.com\/?p=20854"},"modified":"2024-06-10T15:02:00","modified_gmt":"2024-06-10T15:02:00","slug":"suenan-nombres-de-precandidatos-a-la-presidencia-del-ecuador","status":"publish","type":"post","link":"https:\/\/www.lodelmomentoloja.com\/?p=20854","title":{"rendered":"Suenan nombres de precandidatos a la presidencia del Ecuador"},"content":{"rendered":"<p>\ud83d\udde3\ufe0f\u2705\ud83d\udccb\u00a1Buscan ser la m\u00e1xima autoridad! Varios movimientos y partidos pol\u00edticos ecuatorianos avanzan en la b\u00fasqueda de candidatos para las elecciones presidenciales de 2025. Hasta el momento, parcialmente, cinco nombres ya han hecho eco fuertemente buscando ocupar el sill\u00f3n de Carondelet, entre ellos:<\/p>\n<p>\ud83d\udd38Henry Cucal\u00f3n &#8211; CREO\/Construye<br \/>\n\ud83d\udd38Leonidas Iza &#8211; Movimiento Pachakutik.<br \/>\n\ud83d\udd38Victor Araus &#8211; (Por definir)<br \/>\n\ud83d\udd38Henry Kronfle &#8211; (Por definir)<br \/>\n\ud83d\udd38Andrea Gonzalez Nader &#8211; Fuerza Valiente<\/p>\n<p>Pese a que, existen m\u00e1s nombres que ya han oficializado su candidatura, se prev\u00e9 que se integren muchos m\u00e1s, ya que el plazo de inscripcion es del 13 de septiembre al 2 de octubre de 2024.<\/p>\n<p>www.lodelmomentoloja.com<br \/>\n#LDMnoticias #lodelmomentolojaLDM<\/p>\n","protected":false},"excerpt":{"rendered":"<p>\ud83d\udde3\ufe0f\u2705\ud83d\udccb\u00a1Buscan ser la m\u00e1xima autoridad! Varios movimientos y partidos pol\u00edticos ecuatorianos avanzan en la b\u00fasqueda&#8230;<\/p>\n","protected":false},"author":1,"featured_media":20855,"comment_status":"open","ping_status":"open","sticky":false,"template":"","format":"standard","meta":{"footnotes":""},"categories":[7,1],"tags":[],"class_list":["post-20854","post","type-post","status-publish","format-standard","has-post-thumbnail","hentry","category-ecuador","category-inicio"],"_links":{"self":[{"href":"https:\/\/www.lodelmomentoloja.com\/index.php?rest_route=\/wp\/v2\/posts\/20854"}],"collection":[{"href":"https:\/\/www.lodelmomentoloja.com\/index.php?rest_route=\/wp\/v2\/posts"}],"about":[{"href":"https:\/\/www.lodelmomentoloja.com\/index.php?rest_route=\/wp\/v2\/types\/post"}],"author":[{"embeddable":true,"href":"https:\/\/www.lodelmomentoloja.com\/index.php?rest_route=\/wp\/v2\/users\/1"}],"replies":[{"embeddable":true,"href":"https:\/\/www.lodelmomentoloja.com\/index.php?rest_route=%2Fwp%2Fv2%2Fcomments&post=20854"}],"version-history":[{"count":1,"href":"https:\/\/www.lodelmomentoloja.com\/index.php?rest_route=\/wp\/v2\/posts\/20854\/revisions"}],"predecessor-version":[{"id":20856,"href":"https:\/\/www.lodelmomentoloja.com\/index.php?rest_route=\/wp\/v2\/posts\/20854\/revisions\/20856"}],"wp:featuredmedia":[{"embeddable":true,"href":"https:\/\/www.lodelmomentoloja.com\/index.php?rest_route=\/wp\/v2\/media\/20855"}],"wp:attachment":[{"href":"https:\/\/www.lodelmomentoloja.com\/index.php?rest_route=%2Fwp%2Fv2%2Fmedia&parent=20854"}],"wp:term":[{"taxonomy":"category","embeddable":true,"href":"https:\/\/www.lodelmomentoloja.com\/index.php?rest_route=%2Fwp%2Fv2%2Fcategories&post=20854"},{"taxonomy":"post_tag","embeddable":true,"href":"https:\/\/www.lodelmomentoloja.com\/index.php?rest_route=%2Fwp%2Fv2%2Ftags&post=20854"}],"curies":[{"name":"wp","href":"https:\/\/api.w.org\/{rel}","templated":true}]}}