{"id":20823,"date":"2024-06-06T09:39:27","date_gmt":"2024-06-06T09:39:27","guid":{"rendered":"https:\/\/www.lodelmomentoloja.com\/?p=20823"},"modified":"2024-06-06T14:40:24","modified_gmt":"2024-06-06T14:40:24","slug":"carlos-vives-y-maluma-no-cantaran-en-machala-por-su-bicentenario","status":"publish","type":"post","link":"https:\/\/www.lodelmomentoloja.com\/?p=20823","title":{"rendered":"Carlos Vives y Maluma no cantar\u00e1n en Machala por su bicentenario"},"content":{"rendered":"<p>\ud83d\ude31\ud83d\udc68\ud83c\udffb\u200d\ud83c\udfa4\ud83d\udeab \u00a1Ellos declinaron! La grave situaci\u00f3n de inseguridad que atraviesa Machala ser\u00eda la raz\u00f3n principal por la cual los artistas colombianos Carlos Vives y Maluma, no participar\u00e1n en la segunda edici\u00f3n del festival Machala Vive la M\u00fasica, con la que se celebrar\u00e1 el bicentenario de fundaci\u00f3n de la capital de la provincia de El Oro. Se prev\u00e9 que el burgomaestre Dar\u00edo Macas, junto a la Alcald\u00eda de Machala, emitan un comunicado oficial informando quienes ser\u00edan los artistas que reemplazar\u00e1n a aquellos que no participar\u00e1n de dicho evento.<\/p>\n<p>www.lodelmomentoloja.com<br \/>\n#LDMnoticias #lodelmomentolojaLDM<\/p>\n","protected":false},"excerpt":{"rendered":"<p>\ud83d\ude31\ud83d\udc68\ud83c\udffb\u200d\ud83c\udfa4\ud83d\udeab \u00a1Ellos declinaron! La grave situaci\u00f3n de inseguridad que atraviesa Machala ser\u00eda la raz\u00f3n principal&#8230;<\/p>\n","protected":false},"author":1,"featured_media":20824,"comment_status":"open","ping_status":"open","sticky":false,"template":"","format":"standard","meta":{"footnotes":""},"categories":[7,1],"tags":[],"class_list":["post-20823","post","type-post","status-publish","format-standard","has-post-thumbnail","hentry","category-ecuador","category-inicio"],"_links":{"self":[{"href":"https:\/\/www.lodelmomentoloja.com\/index.php?rest_route=\/wp\/v2\/posts\/20823"}],"collection":[{"href":"https:\/\/www.lodelmomentoloja.com\/index.php?rest_route=\/wp\/v2\/posts"}],"about":[{"href":"https:\/\/www.lodelmomentoloja.com\/index.php?rest_route=\/wp\/v2\/types\/post"}],"author":[{"embeddable":true,"href":"https:\/\/www.lodelmomentoloja.com\/index.php?rest_route=\/wp\/v2\/users\/1"}],"replies":[{"embeddable":true,"href":"https:\/\/www.lodelmomentoloja.com\/index.php?rest_route=%2Fwp%2Fv2%2Fcomments&post=20823"}],"version-history":[{"count":1,"href":"https:\/\/www.lodelmomentoloja.com\/index.php?rest_route=\/wp\/v2\/posts\/20823\/revisions"}],"predecessor-version":[{"id":20825,"href":"https:\/\/www.lodelmomentoloja.com\/index.php?rest_route=\/wp\/v2\/posts\/20823\/revisions\/20825"}],"wp:featuredmedia":[{"embeddable":true,"href":"https:\/\/www.lodelmomentoloja.com\/index.php?rest_route=\/wp\/v2\/media\/20824"}],"wp:attachment":[{"href":"https:\/\/www.lodelmomentoloja.com\/index.php?rest_route=%2Fwp%2Fv2%2Fmedia&parent=20823"}],"wp:term":[{"taxonomy":"category","embeddable":true,"href":"https:\/\/www.lodelmomentoloja.com\/index.php?rest_route=%2Fwp%2Fv2%2Fcategories&post=20823"},{"taxonomy":"post_tag","embeddable":true,"href":"https:\/\/www.lodelmomentoloja.com\/index.php?rest_route=%2Fwp%2Fv2%2Ftags&post=20823"}],"curies":[{"name":"wp","href":"https:\/\/api.w.org\/{rel}","templated":true}]}}