{"id":20739,"date":"2024-05-31T08:41:47","date_gmt":"2024-05-31T08:41:47","guid":{"rendered":"https:\/\/www.lodelmomentoloja.com\/?p=20739"},"modified":"2024-05-31T13:42:49","modified_gmt":"2024-05-31T13:42:49","slug":"polo-baquerizo-sera-condecorado-por-asamblea-nacional","status":"publish","type":"post","link":"https:\/\/www.lodelmomentoloja.com\/?p=20739","title":{"rendered":"Polo Baquerizo ser\u00e1 condecorado por Asamblea Nacional"},"content":{"rendered":"<p>\ud83c\udf96\ufe0f\ud83d\udde3\ufe0f\ud83d\udc4f\ud83c\udffb \u00a1Grande Polo! El periodista, comunicador conductor de televisi\u00f3n y pol\u00edtico ecuatoriano de 69 a\u00f1os de edad, Polo Baquerizo ser\u00e1 condecorado este 31 de mayo de 2024 por la Asamblea Nacional. A trav\u00e9s de redes sociales, Polo mencion\u00f3 lo siguiente: &#8220;Amigos queridos, yo aparezco espor\u00e1dicamente en las redes, pero me veo precisado a informales algo que a m\u00ed me llam\u00f3 mucho la atenci\u00f3n y sucede que la Asamblea Nacional va a condecorarme por los 50 y tantos a\u00f1os de estar en la comunicaci\u00f3n\u201d.<\/p>\n<p>&#8220;Agradezco a Dios por esta condecoraci\u00f3n y estoy pensando en todas las personas con las que trabaj\u00e9 en radio y televisi\u00f3n.&#8221; &#8211; Finaliz\u00f3 el ic\u00f3nico personaje ecuatoriano.<\/p>\n<p>www.lodelmomentoloja.com<br \/>\n#LDMnoticias #lodelmomentolojaLDM<\/p>\n","protected":false},"excerpt":{"rendered":"<p>\ud83c\udf96\ufe0f\ud83d\udde3\ufe0f\ud83d\udc4f\ud83c\udffb \u00a1Grande Polo! El periodista, comunicador conductor de televisi\u00f3n y pol\u00edtico ecuatoriano de 69 a\u00f1os&#8230;<\/p>\n","protected":false},"author":1,"featured_media":20740,"comment_status":"open","ping_status":"open","sticky":false,"template":"","format":"standard","meta":{"footnotes":""},"categories":[7,1],"tags":[],"class_list":["post-20739","post","type-post","status-publish","format-standard","has-post-thumbnail","hentry","category-ecuador","category-inicio"],"_links":{"self":[{"href":"https:\/\/www.lodelmomentoloja.com\/index.php?rest_route=\/wp\/v2\/posts\/20739"}],"collection":[{"href":"https:\/\/www.lodelmomentoloja.com\/index.php?rest_route=\/wp\/v2\/posts"}],"about":[{"href":"https:\/\/www.lodelmomentoloja.com\/index.php?rest_route=\/wp\/v2\/types\/post"}],"author":[{"embeddable":true,"href":"https:\/\/www.lodelmomentoloja.com\/index.php?rest_route=\/wp\/v2\/users\/1"}],"replies":[{"embeddable":true,"href":"https:\/\/www.lodelmomentoloja.com\/index.php?rest_route=%2Fwp%2Fv2%2Fcomments&post=20739"}],"version-history":[{"count":1,"href":"https:\/\/www.lodelmomentoloja.com\/index.php?rest_route=\/wp\/v2\/posts\/20739\/revisions"}],"predecessor-version":[{"id":20741,"href":"https:\/\/www.lodelmomentoloja.com\/index.php?rest_route=\/wp\/v2\/posts\/20739\/revisions\/20741"}],"wp:featuredmedia":[{"embeddable":true,"href":"https:\/\/www.lodelmomentoloja.com\/index.php?rest_route=\/wp\/v2\/media\/20740"}],"wp:attachment":[{"href":"https:\/\/www.lodelmomentoloja.com\/index.php?rest_route=%2Fwp%2Fv2%2Fmedia&parent=20739"}],"wp:term":[{"taxonomy":"category","embeddable":true,"href":"https:\/\/www.lodelmomentoloja.com\/index.php?rest_route=%2Fwp%2Fv2%2Fcategories&post=20739"},{"taxonomy":"post_tag","embeddable":true,"href":"https:\/\/www.lodelmomentoloja.com\/index.php?rest_route=%2Fwp%2Fv2%2Ftags&post=20739"}],"curies":[{"name":"wp","href":"https:\/\/api.w.org\/{rel}","templated":true}]}}