{"id":20719,"date":"2024-05-30T10:06:43","date_gmt":"2024-05-30T10:06:43","guid":{"rendered":"https:\/\/www.lodelmomentoloja.com\/?p=20719"},"modified":"2024-05-30T15:15:30","modified_gmt":"2024-05-30T15:15:30","slug":"concierto-por-el-dia-del-chofer-profesional-en-loja","status":"publish","type":"post","link":"https:\/\/www.lodelmomentoloja.com\/?p=20719","title":{"rendered":"Concierto por el d\u00eda del Ch\u00f3fer Profesional en Loja"},"content":{"rendered":"<p>\ud83d\udc68\ud83c\udffb\u200d\ud83c\udfa4\ud83c\udfba\ud83d\udc65 \u00a1Festejo por su d\u00eda! El Sindicato Provincial de Choferes Profesionales de Loja, ofrecer\u00e1 una noche llena de alegr\u00eda, musica y diversi\u00f3n, con un gran concierto, la aclamada orquesta lojana \u201cDon Medardo y sus Players\u201d y todos sus \u00e9xitos para bailar y disfrutar, en honor a los conductores profesionales en su d\u00eda.<\/p>\n<p>Dicho evento se realizar\u00e1 el pr\u00f3ximo viernes 21 de junio del 2024, a partir de las 19h00, en las instalaciones del \u201cComplejo de M\u00e9dicos\u201d, sector La Banda.<\/p>\n<p>\ud83d\udd38 Es el momento de reencontrarnos con los amigos de las carreteras y festejar juntos esta fecha especial.<\/p>\n<p>\ud83d\udc49\ud83c\udffbEntrada gratuita (Socios de la Instituci\u00f3n).<br \/>\n\ud83d\udc49\ud83c\udffbParticulares $5.00<\/p>\n<p><img loading=\"lazy\" decoding=\"async\" class=\"alignnone size-medium wp-image-20720\" src=\"http:\/\/www.lodelmomentoloja.com\/wp-content\/uploads\/2024\/05\/IMG-20240529-WA0064-240x300.jpg\" alt=\"\" width=\"240\" height=\"300\" srcset=\"https:\/\/www.lodelmomentoloja.com\/wp-content\/uploads\/2024\/05\/IMG-20240529-WA0064-240x300.jpg 240w, https:\/\/www.lodelmomentoloja.com\/wp-content\/uploads\/2024\/05\/IMG-20240529-WA0064-768x960.jpg 768w, https:\/\/www.lodelmomentoloja.com\/wp-content\/uploads\/2024\/05\/IMG-20240529-WA0064-640x800.jpg 640w, https:\/\/www.lodelmomentoloja.com\/wp-content\/uploads\/2024\/05\/IMG-20240529-WA0064.jpg 800w\" sizes=\"(max-width: 240px) 100vw, 240px\" \/><\/p>\n<p>www.lodelmomentoloja.com<br \/>\n#LDMnoticias #lodelmomentolojaLDM<\/p>\n","protected":false},"excerpt":{"rendered":"<p>\ud83d\udc68\ud83c\udffb\u200d\ud83c\udfa4\ud83c\udfba\ud83d\udc65 \u00a1Festejo por su d\u00eda! El Sindicato Provincial de Choferes Profesionales de Loja, ofrecer\u00e1 una&#8230;<\/p>\n","protected":false},"author":1,"featured_media":20721,"comment_status":"open","ping_status":"open","sticky":false,"template":"","format":"standard","meta":{"footnotes":""},"categories":[1,5],"tags":[],"class_list":["post-20719","post","type-post","status-publish","format-standard","has-post-thumbnail","hentry","category-inicio","category-loja"],"_links":{"self":[{"href":"https:\/\/www.lodelmomentoloja.com\/index.php?rest_route=\/wp\/v2\/posts\/20719"}],"collection":[{"href":"https:\/\/www.lodelmomentoloja.com\/index.php?rest_route=\/wp\/v2\/posts"}],"about":[{"href":"https:\/\/www.lodelmomentoloja.com\/index.php?rest_route=\/wp\/v2\/types\/post"}],"author":[{"embeddable":true,"href":"https:\/\/www.lodelmomentoloja.com\/index.php?rest_route=\/wp\/v2\/users\/1"}],"replies":[{"embeddable":true,"href":"https:\/\/www.lodelmomentoloja.com\/index.php?rest_route=%2Fwp%2Fv2%2Fcomments&post=20719"}],"version-history":[{"count":1,"href":"https:\/\/www.lodelmomentoloja.com\/index.php?rest_route=\/wp\/v2\/posts\/20719\/revisions"}],"predecessor-version":[{"id":20722,"href":"https:\/\/www.lodelmomentoloja.com\/index.php?rest_route=\/wp\/v2\/posts\/20719\/revisions\/20722"}],"wp:featuredmedia":[{"embeddable":true,"href":"https:\/\/www.lodelmomentoloja.com\/index.php?rest_route=\/wp\/v2\/media\/20721"}],"wp:attachment":[{"href":"https:\/\/www.lodelmomentoloja.com\/index.php?rest_route=%2Fwp%2Fv2%2Fmedia&parent=20719"}],"wp:term":[{"taxonomy":"category","embeddable":true,"href":"https:\/\/www.lodelmomentoloja.com\/index.php?rest_route=%2Fwp%2Fv2%2Fcategories&post=20719"},{"taxonomy":"post_tag","embeddable":true,"href":"https:\/\/www.lodelmomentoloja.com\/index.php?rest_route=%2Fwp%2Fv2%2Ftags&post=20719"}],"curies":[{"name":"wp","href":"https:\/\/api.w.org\/{rel}","templated":true}]}}