{"id":207,"date":"2020-11-06T18:30:27","date_gmt":"2020-11-06T18:30:27","guid":{"rendered":"http:\/\/www.lodelmomentoloja.com\/?p=207"},"modified":"2020-11-10T00:38:11","modified_gmt":"2020-11-10T00:38:11","slug":"salinas-prohibe-el-ingreso-a-sus-playas","status":"publish","type":"post","link":"https:\/\/www.lodelmomentoloja.com\/?p=207","title":{"rendered":"Salinas proh\u00edbe el ingreso a sus playas."},"content":{"rendered":"\n<figure class=\"wp-block-image\"><img decoding=\"async\" src=\"https:\/\/scontent.floh1-1.fna.fbcdn.net\/v\/t1.0-9\/123476122_846496219453803_2111006697674753943_o.jpg?_nc_cat=105&amp;ccb=2&amp;_nc_sid=730e14&amp;_nc_ohc=628HGXlQq5kAX8_3Lht&amp;_nc_ht=scontent.floh1-1.fna&amp;oh=b1cd9eb2783589c89e47f3836c5e20ca&amp;oe=5FD0861E\" alt=\"\"\/><\/figure>\n\n\n\n<p>Daniel Cisneros, alcalde de Salinas, inform\u00f3 que las playas de esa localidad peninsular permanecer\u00e1n cerradas el 31 de diciembre del 2020 y 1 de enero del 2021, para evitar aglomeraciones de ciudadanos y el consumo de bebidas alcoh\u00f3licas ante la actual situaci\u00f3n de la pandemia de COVID-19.<\/p>\n\n\n\n<p>La calle del Malec\u00f3n, que tradicionalmente se cierra en esa fechas, este a\u00f1o quedar\u00e1 abierta.<\/p>\n\n\n\n<p>Entre otras medidas tomadas, el alcalde a\u00f1adi\u00f3 que se proh\u00edbe la quema de a\u00f1os viejos en la playa, debido a una segunda anidaci\u00f3n de tortugas marinas. <\/p>\n","protected":false},"excerpt":{"rendered":"<p>Daniel Cisneros, alcalde de Salinas, inform\u00f3 que las playas de esa localidad peninsular permanecer\u00e1n cerradas&#8230;<\/p>\n","protected":false},"author":1,"featured_media":209,"comment_status":"open","ping_status":"open","sticky":false,"template":"","format":"standard","meta":{"footnotes":""},"categories":[7,1],"tags":[],"class_list":["post-207","post","type-post","status-publish","format-standard","has-post-thumbnail","hentry","category-ecuador","category-inicio"],"_links":{"self":[{"href":"https:\/\/www.lodelmomentoloja.com\/index.php?rest_route=\/wp\/v2\/posts\/207"}],"collection":[{"href":"https:\/\/www.lodelmomentoloja.com\/index.php?rest_route=\/wp\/v2\/posts"}],"about":[{"href":"https:\/\/www.lodelmomentoloja.com\/index.php?rest_route=\/wp\/v2\/types\/post"}],"author":[{"embeddable":true,"href":"https:\/\/www.lodelmomentoloja.com\/index.php?rest_route=\/wp\/v2\/users\/1"}],"replies":[{"embeddable":true,"href":"https:\/\/www.lodelmomentoloja.com\/index.php?rest_route=%2Fwp%2Fv2%2Fcomments&post=207"}],"version-history":[{"count":1,"href":"https:\/\/www.lodelmomentoloja.com\/index.php?rest_route=\/wp\/v2\/posts\/207\/revisions"}],"predecessor-version":[{"id":211,"href":"https:\/\/www.lodelmomentoloja.com\/index.php?rest_route=\/wp\/v2\/posts\/207\/revisions\/211"}],"wp:featuredmedia":[{"embeddable":true,"href":"https:\/\/www.lodelmomentoloja.com\/index.php?rest_route=\/wp\/v2\/media\/209"}],"wp:attachment":[{"href":"https:\/\/www.lodelmomentoloja.com\/index.php?rest_route=%2Fwp%2Fv2%2Fmedia&parent=207"}],"wp:term":[{"taxonomy":"category","embeddable":true,"href":"https:\/\/www.lodelmomentoloja.com\/index.php?rest_route=%2Fwp%2Fv2%2Fcategories&post=207"},{"taxonomy":"post_tag","embeddable":true,"href":"https:\/\/www.lodelmomentoloja.com\/index.php?rest_route=%2Fwp%2Fv2%2Ftags&post=207"}],"curies":[{"name":"wp","href":"https:\/\/api.w.org\/{rel}","templated":true}]}}