{"id":2064,"date":"2021-01-26T09:00:15","date_gmt":"2021-01-26T09:00:15","guid":{"rendered":"http:\/\/www.lodelmomentoloja.com\/?p=2064"},"modified":"2021-01-26T15:08:06","modified_gmt":"2021-01-26T15:08:06","slug":"la-nueva-cedula-costara-usd16","status":"publish","type":"post","link":"https:\/\/www.lodelmomentoloja.com\/?p=2064","title":{"rendered":"LA NUEVA C\u00c9DULA COSTAR\u00c1 USD16"},"content":{"rendered":"<div class=\"\" data-block=\"true\" data-editor=\"4a9ph\" data-offset-key=\"57g1a-0-0\">\n<div class=\"_1mf _1mj\" data-offset-key=\"57g1a-0-0\"><span class=\"diy96o5h\"><span data-offset-key=\"57g1a-0-0\">#Ecuador<\/span><\/span><span data-offset-key=\"57g1a-1-0\"> | La nueva c\u00e9dula costar\u00e1 $16 y ser\u00e1 digital.<\/span><\/div>\n<\/div>\n<div class=\"\" data-block=\"true\" data-editor=\"4a9ph\" data-offset-key=\"ep25f-0-0\">\n<div class=\"_1mf _1mj\" data-offset-key=\"ep25f-0-0\"><span data-offset-key=\"ep25f-0-0\">\u00a0<\/span><\/div>\n<\/div>\n<div class=\"\" data-block=\"true\" data-editor=\"4a9ph\" data-offset-key=\"1usdi-0-0\">\n<div class=\"_1mf _1mj\" data-offset-key=\"1usdi-0-0\"><span data-offset-key=\"1usdi-0-0\">En las oficinas del Registro Civil se present\u00f3 la nueva c\u00e9dula electr\u00f3nica, documento de identidad se emitir\u00e1 desde el 10 de febrero para todos los ciudadanos ecuatoriano y extranjeros que residen legalmente en el Ecuador.<\/span><\/div>\n<\/div>\n<div class=\"\" data-block=\"true\" data-editor=\"4a9ph\" data-offset-key=\"8gsfa-0-0\">\n<div class=\"_1mf _1mj\" data-offset-key=\"8gsfa-0-0\"><span data-offset-key=\"8gsfa-0-0\">\u00a0<\/span><\/div>\n<\/div>\n<div class=\"\" data-block=\"true\" data-editor=\"4a9ph\" data-offset-key=\"bbqrl-0-0\">\n<div class=\"_1mf _1mj\" data-offset-key=\"bbqrl-0-0\"><span data-offset-key=\"bbqrl-0-0\">La c\u00e9dula tendr\u00e1 una vigencia de 10 a\u00f1os, el costo de emisi\u00f3n ser\u00e1 de cinco d\u00f3lares por primera vez, la renovaci\u00f3n costar\u00e1 16 d\u00f3lares. Las personas con discapacidad, desde el 30 % en adelante, podr\u00e1n adquirir este documento de manera gratuita.<\/span><\/div>\n<\/div>\n<div class=\"\" data-block=\"true\" data-editor=\"4a9ph\" data-offset-key=\"fvjvq-0-0\">\n<div class=\"_1mf _1mj\" data-offset-key=\"fvjvq-0-0\"><span data-offset-key=\"fvjvq-0-0\">\u00a0<\/span><\/div>\n<\/div>\n<div class=\"\" data-block=\"true\" data-editor=\"4a9ph\" data-offset-key=\"969s4-0-0\">\n<div class=\"_1mf _1mj\" data-offset-key=\"969s4-0-0\"><span data-offset-key=\"969s4-0-0\">Sin embargo, cabe recalcar a la ciudadan\u00eda que las c\u00e9dulas anteriores son v\u00e1lidas para ejercer el voto, por lo que no ser\u00e1 obligatorio renovarlas en el proceso electoral 2021, as\u00ed lo recalc\u00f3 Rodrigo Avil\u00e9s, director del Registro Civil, dijo que \u201cel sistema de producci\u00f3n del actual documento de identidad ha cumplido ya con su vida \u00fatil, esto es desde el 2009\u201d. Tambi\u00e9n, a\u00f1adi\u00f3 que la c\u00e9dula anterior tendr\u00e1 validez para las votaciones del 7 de febrero de 2021 sin problema.<\/span><\/div>\n<\/div>\n<div class=\"\" data-block=\"true\" data-editor=\"4a9ph\" data-offset-key=\"b6re6-0-0\">\n<div class=\"_1mf _1mj\" data-offset-key=\"b6re6-0-0\"><\/div>\n<\/div>\n<div class=\"\" data-block=\"true\" data-editor=\"4a9ph\" data-offset-key=\"eqtei-0-0\">\n<div class=\"_1mf _1mj\" data-offset-key=\"eqtei-0-0\"><span class=\"diy96o5h\" spellcheck=\"false\" data-offset-key=\"eqtei-0-0\"><span data-offset-key=\"eqtei-0-0\">#LDMnoticias<\/span><\/span> <span class=\"diy96o5h\" spellcheck=\"false\" data-offset-key=\"eqtei-2-0\"><span data-offset-key=\"eqtei-2-0\">#lodelmomentolojaLDM<\/span><\/span><\/div>\n<\/div>\n","protected":false},"excerpt":{"rendered":"<p>#Ecuador | La nueva c\u00e9dula costar\u00e1 $16 y ser\u00e1 digital. \u00a0 En las oficinas del&#8230;<\/p>\n","protected":false},"author":1,"featured_media":2065,"comment_status":"open","ping_status":"open","sticky":false,"template":"","format":"standard","meta":{"footnotes":""},"categories":[7,1],"tags":[],"class_list":["post-2064","post","type-post","status-publish","format-standard","has-post-thumbnail","hentry","category-ecuador","category-inicio"],"_links":{"self":[{"href":"https:\/\/www.lodelmomentoloja.com\/index.php?rest_route=\/wp\/v2\/posts\/2064"}],"collection":[{"href":"https:\/\/www.lodelmomentoloja.com\/index.php?rest_route=\/wp\/v2\/posts"}],"about":[{"href":"https:\/\/www.lodelmomentoloja.com\/index.php?rest_route=\/wp\/v2\/types\/post"}],"author":[{"embeddable":true,"href":"https:\/\/www.lodelmomentoloja.com\/index.php?rest_route=\/wp\/v2\/users\/1"}],"replies":[{"embeddable":true,"href":"https:\/\/www.lodelmomentoloja.com\/index.php?rest_route=%2Fwp%2Fv2%2Fcomments&post=2064"}],"version-history":[{"count":1,"href":"https:\/\/www.lodelmomentoloja.com\/index.php?rest_route=\/wp\/v2\/posts\/2064\/revisions"}],"predecessor-version":[{"id":2067,"href":"https:\/\/www.lodelmomentoloja.com\/index.php?rest_route=\/wp\/v2\/posts\/2064\/revisions\/2067"}],"wp:featuredmedia":[{"embeddable":true,"href":"https:\/\/www.lodelmomentoloja.com\/index.php?rest_route=\/wp\/v2\/media\/2065"}],"wp:attachment":[{"href":"https:\/\/www.lodelmomentoloja.com\/index.php?rest_route=%2Fwp%2Fv2%2Fmedia&parent=2064"}],"wp:term":[{"taxonomy":"category","embeddable":true,"href":"https:\/\/www.lodelmomentoloja.com\/index.php?rest_route=%2Fwp%2Fv2%2Fcategories&post=2064"},{"taxonomy":"post_tag","embeddable":true,"href":"https:\/\/www.lodelmomentoloja.com\/index.php?rest_route=%2Fwp%2Fv2%2Ftags&post=2064"}],"curies":[{"name":"wp","href":"https:\/\/api.w.org\/{rel}","templated":true}]}}