{"id":20574,"date":"2024-05-20T11:57:14","date_gmt":"2024-05-20T11:57:14","guid":{"rendered":"https:\/\/www.lodelmomentoloja.com\/?p=20574"},"modified":"2024-05-20T17:59:11","modified_gmt":"2024-05-20T17:59:11","slug":"jan-topic-no-sera-candidato-este-2025","status":"publish","type":"post","link":"https:\/\/www.lodelmomentoloja.com\/?p=20574","title":{"rendered":"Jan Topic no ser\u00e1 candidato este 2025."},"content":{"rendered":"<p>\ud83d\ude45\ud83c\udffb\u200d\u2642\ufe0f\ud83d\udeab\ud83d\uddf3 \u00a1No va a participar! A trav\u00e9s de sus redes sociales, el ex candidato presidencial Jan Topic anunci\u00f3 que ha decidido no formar parte de los comicios del a\u00f1o 2025, por la presidencia de la rep\u00fablica del Ecuador, esto debido a &#8220;los diferentes eventos recientes en el pa\u00eds&#8221; a\u00f1adiendo que &#8220;hay formas diferentes de ayudar y servir a la naci\u00f3n&#8221;. Con ello el Partido Social Cristiano (PSC) se queda sin su representante para dichas elecciones.<\/p>\n<p><img loading=\"lazy\" decoding=\"async\" class=\"alignnone size-medium wp-image-20575\" src=\"http:\/\/www.lodelmomentoloja.com\/wp-content\/uploads\/2024\/05\/IMG_20240520_125237_487-266x300.webp\" alt=\"\" width=\"266\" height=\"300\" srcset=\"https:\/\/www.lodelmomentoloja.com\/wp-content\/uploads\/2024\/05\/IMG_20240520_125237_487-266x300.webp 266w, https:\/\/www.lodelmomentoloja.com\/wp-content\/uploads\/2024\/05\/IMG_20240520_125237_487-906x1024.webp 906w, https:\/\/www.lodelmomentoloja.com\/wp-content\/uploads\/2024\/05\/IMG_20240520_125237_487-768x868.webp 768w, https:\/\/www.lodelmomentoloja.com\/wp-content\/uploads\/2024\/05\/IMG_20240520_125237_487-640x723.webp 640w, https:\/\/www.lodelmomentoloja.com\/wp-content\/uploads\/2024\/05\/IMG_20240520_125237_487-1359x1536.webp 1359w, https:\/\/www.lodelmomentoloja.com\/wp-content\/uploads\/2024\/05\/IMG_20240520_125237_487-1024x1157.webp 1024w, https:\/\/www.lodelmomentoloja.com\/wp-content\/uploads\/2024\/05\/IMG_20240520_125237_487.webp 1416w\" sizes=\"(max-width: 266px) 100vw, 266px\" \/><\/p>\n<p>www.lodelmomentoloja.com<br \/>\n#LDMnoticias #lodelmomentolojaLDM<\/p>\n","protected":false},"excerpt":{"rendered":"<p>\ud83d\ude45\ud83c\udffb\u200d\u2642\ufe0f\ud83d\udeab\ud83d\uddf3 \u00a1No va a participar! A trav\u00e9s de sus redes sociales, el ex candidato presidencial&#8230;<\/p>\n","protected":false},"author":1,"featured_media":20576,"comment_status":"open","ping_status":"open","sticky":false,"template":"","format":"standard","meta":{"footnotes":""},"categories":[7,1],"tags":[],"class_list":["post-20574","post","type-post","status-publish","format-standard","has-post-thumbnail","hentry","category-ecuador","category-inicio"],"_links":{"self":[{"href":"https:\/\/www.lodelmomentoloja.com\/index.php?rest_route=\/wp\/v2\/posts\/20574"}],"collection":[{"href":"https:\/\/www.lodelmomentoloja.com\/index.php?rest_route=\/wp\/v2\/posts"}],"about":[{"href":"https:\/\/www.lodelmomentoloja.com\/index.php?rest_route=\/wp\/v2\/types\/post"}],"author":[{"embeddable":true,"href":"https:\/\/www.lodelmomentoloja.com\/index.php?rest_route=\/wp\/v2\/users\/1"}],"replies":[{"embeddable":true,"href":"https:\/\/www.lodelmomentoloja.com\/index.php?rest_route=%2Fwp%2Fv2%2Fcomments&post=20574"}],"version-history":[{"count":1,"href":"https:\/\/www.lodelmomentoloja.com\/index.php?rest_route=\/wp\/v2\/posts\/20574\/revisions"}],"predecessor-version":[{"id":20577,"href":"https:\/\/www.lodelmomentoloja.com\/index.php?rest_route=\/wp\/v2\/posts\/20574\/revisions\/20577"}],"wp:featuredmedia":[{"embeddable":true,"href":"https:\/\/www.lodelmomentoloja.com\/index.php?rest_route=\/wp\/v2\/media\/20576"}],"wp:attachment":[{"href":"https:\/\/www.lodelmomentoloja.com\/index.php?rest_route=%2Fwp%2Fv2%2Fmedia&parent=20574"}],"wp:term":[{"taxonomy":"category","embeddable":true,"href":"https:\/\/www.lodelmomentoloja.com\/index.php?rest_route=%2Fwp%2Fv2%2Fcategories&post=20574"},{"taxonomy":"post_tag","embeddable":true,"href":"https:\/\/www.lodelmomentoloja.com\/index.php?rest_route=%2Fwp%2Fv2%2Ftags&post=20574"}],"curies":[{"name":"wp","href":"https:\/\/api.w.org\/{rel}","templated":true}]}}