{"id":2043,"date":"2021-01-25T11:20:04","date_gmt":"2021-01-25T11:20:04","guid":{"rendered":"http:\/\/www.lodelmomentoloja.com\/?p=2043"},"modified":"2021-01-25T17:32:34","modified_gmt":"2021-01-25T17:32:34","slug":"vigilaran-vacunacion-piloto-0","status":"publish","type":"post","link":"https:\/\/www.lodelmomentoloja.com\/?p=2043","title":{"rendered":"Vigilaran vacunaci\u00f3n piloto 0"},"content":{"rendered":"<div class=\"kvgmc6g5 cxmmr5t8 oygrvhab hcukyx3x c1et5uql ii04i59q\">\n<div dir=\"auto\"><a class=\"oajrlxb2 g5ia77u1 qu0x051f esr5mh6w e9989ue4 r7d6kgcz rq0escxv nhd2j8a9 nc684nl6 p7hjln8o kvgmc6g5 cxmmr5t8 oygrvhab hcukyx3x jb3vyjys rz4wbd8a qt6c0cv9 a8nywdso i1ao9s8h esuyzwwr f1sip0of lzcic4wl q66pz984 gpro0wi8 b1v8xokw\" tabindex=\"0\" role=\"link\" href=\"https:\/\/www.facebook.com\/hashtag\/ecuador?__eep__=6&amp;__cft__[0]=AZUNuRcruTqfqsYwefC3SaVUvo2XA5k211R9UgkECxdi01l1nymu1HBOlY3YIGYUTEVTyr9QelJVUObNGGbXnJwDhaLUPizJsNQOAKv3pG1LndKd85A0hbH8mO0U876KIG2vtpvGVOa8yvls8iR8CyWItNjQoTi8xxwOxkvKUvc5UIaERHUtZ_UjIgh6VZq68qA&amp;__tn__=*NK-R\">#Ecuador<\/a> | Defensor\u00eda del Pueblo vigilar\u00e1 plan de vacunaci\u00f3n.<\/div>\n<div dir=\"auto\"><\/div>\n<\/div>\n<div class=\"o9v6fnle cxmmr5t8 oygrvhab hcukyx3x c1et5uql ii04i59q\">\n<div dir=\"auto\">Durante este \u00faltimo fin de semana, en redes sociales se viralizaron fotograf\u00edas donde el Ministro de Salud, Juan Carlos Zevallos, habr\u00eda liderado el Plan de vacunaci\u00f3n en el Centro Gerontol\u00f3gico de Los Valles (privado), en Quito. Este centro atiende a personas de la tercera edad, el costo mensual equivaldr\u00eda hasta 800 d\u00f3lares para recibir atenci\u00f3n.<\/div>\n<div dir=\"auto\"><\/div>\n<\/div>\n<div class=\"o9v6fnle cxmmr5t8 oygrvhab hcukyx3x c1et5uql ii04i59q\">\n<div dir=\"auto\">Miles de usuarios rechazaron el acto, ya que se supon\u00eda que dentro del plan piloto de vacunaci\u00f3n se priorizaba a m\u00e9dicos, enfermeras, camilleros, etc. Quienes est\u00e1n en contacto constante con pacientes infectados de COVID-19 y los cuales a\u00fan no han sido vacunados.<\/div>\n<div dir=\"auto\"><\/div>\n<\/div>\n<div class=\"o9v6fnle cxmmr5t8 oygrvhab hcukyx3x c1et5uql ii04i59q\">\n<div dir=\"auto\">Por su lado, el Defensor del Pueblo, Freddy Carri\u00f3n dijo que, \u201cresulta intolerable que el personal m\u00e9dico que atiende en las unidades de cuidados intensivos, hospitalizaci\u00f3n y triaje, no hayan sido priorizados para la primera dosis de la vacuna del COVID-19, y hayan tenido que reclamar para ser considerados.\u201d La instituci\u00f3n defensora de derechos humanos, dispuso la vigilancia exhaustiva del plan de vacunaci\u00f3n piloto con el objetivo que llegue a todos los ecuatorianos.<\/div>\n<\/div>\n","protected":false},"excerpt":{"rendered":"<p>#Ecuador | Defensor\u00eda del Pueblo vigilar\u00e1 plan de vacunaci\u00f3n. Durante este \u00faltimo fin de semana,&#8230;<\/p>\n","protected":false},"author":1,"featured_media":2042,"comment_status":"open","ping_status":"open","sticky":false,"template":"","format":"standard","meta":{"footnotes":""},"categories":[1],"tags":[],"class_list":["post-2043","post","type-post","status-publish","format-standard","has-post-thumbnail","hentry","category-inicio"],"_links":{"self":[{"href":"https:\/\/www.lodelmomentoloja.com\/index.php?rest_route=\/wp\/v2\/posts\/2043"}],"collection":[{"href":"https:\/\/www.lodelmomentoloja.com\/index.php?rest_route=\/wp\/v2\/posts"}],"about":[{"href":"https:\/\/www.lodelmomentoloja.com\/index.php?rest_route=\/wp\/v2\/types\/post"}],"author":[{"embeddable":true,"href":"https:\/\/www.lodelmomentoloja.com\/index.php?rest_route=\/wp\/v2\/users\/1"}],"replies":[{"embeddable":true,"href":"https:\/\/www.lodelmomentoloja.com\/index.php?rest_route=%2Fwp%2Fv2%2Fcomments&post=2043"}],"version-history":[{"count":1,"href":"https:\/\/www.lodelmomentoloja.com\/index.php?rest_route=\/wp\/v2\/posts\/2043\/revisions"}],"predecessor-version":[{"id":2044,"href":"https:\/\/www.lodelmomentoloja.com\/index.php?rest_route=\/wp\/v2\/posts\/2043\/revisions\/2044"}],"wp:featuredmedia":[{"embeddable":true,"href":"https:\/\/www.lodelmomentoloja.com\/index.php?rest_route=\/wp\/v2\/media\/2042"}],"wp:attachment":[{"href":"https:\/\/www.lodelmomentoloja.com\/index.php?rest_route=%2Fwp%2Fv2%2Fmedia&parent=2043"}],"wp:term":[{"taxonomy":"category","embeddable":true,"href":"https:\/\/www.lodelmomentoloja.com\/index.php?rest_route=%2Fwp%2Fv2%2Fcategories&post=2043"},{"taxonomy":"post_tag","embeddable":true,"href":"https:\/\/www.lodelmomentoloja.com\/index.php?rest_route=%2Fwp%2Fv2%2Ftags&post=2043"}],"curies":[{"name":"wp","href":"https:\/\/api.w.org\/{rel}","templated":true}]}}