{"id":2035,"date":"2021-01-25T09:00:29","date_gmt":"2021-01-25T09:00:29","guid":{"rendered":"http:\/\/www.lodelmomentoloja.com\/?p=2035"},"modified":"2021-01-25T17:24:52","modified_gmt":"2021-01-25T17:24:52","slug":"funcionarios-se-vacunaron-sin-constar-en-la-lista","status":"publish","type":"post","link":"https:\/\/www.lodelmomentoloja.com\/?p=2035","title":{"rendered":"Funcionarios se vacunaron sin constar en la lista."},"content":{"rendered":"<div class=\"kvgmc6g5 cxmmr5t8 oygrvhab hcukyx3x c1et5uql ii04i59q\">\n<div dir=\"auto\"><a class=\"oajrlxb2 g5ia77u1 qu0x051f esr5mh6w e9989ue4 r7d6kgcz rq0escxv nhd2j8a9 nc684nl6 p7hjln8o kvgmc6g5 cxmmr5t8 oygrvhab hcukyx3x jb3vyjys rz4wbd8a qt6c0cv9 a8nywdso i1ao9s8h esuyzwwr f1sip0of lzcic4wl q66pz984 gpro0wi8 b1v8xokw\" tabindex=\"0\" role=\"link\" href=\"https:\/\/www.facebook.com\/hashtag\/ecuador?__eep__=6&amp;__cft__[0]=AZUpU8b2dThhw3YNyn4EVYchFyXXvAIRVYXqTq3AOO-UA9R3hgaCQ3BMj4cpXHpweTyBWQskFSeEl3DcVkDFcDWKoWJKl-nKUQC3v6FF9wyLAtzAkZdtu2KOWk19JKvIgQbHaEqc_cdweNdXkJQcrfZbDExSiOi6XgpPYy_givZ4CAt0J2TsK2FJo7UwVxOd3zo&amp;__tn__=*NK-R\">#Ecuador<\/a> | Funcionarios se vacunaron sin estar en la lista.<\/div>\n<div dir=\"auto\"><\/div>\n<\/div>\n<div class=\"o9v6fnle cxmmr5t8 oygrvhab hcukyx3x c1et5uql ii04i59q\">\n<div dir=\"auto\">En redes sociales se denunci\u00f3 la fotograf\u00eda de una funcionaria del IESS y otro del MSP siendo vacunados, acci\u00f3n que fue contestada por el presidente del Consejo Directivo del IESS, Jorge Wated, inform\u00f3 que se procedi\u00f3 a la inmediata destituci\u00f3n de uno de los denunciados. \u201cElla no est\u00e1 en los listados que maneja el MSP y el IESS y no aceptaremos que nadie se meta por la ventana. La vacunaci\u00f3n es estrictamente para quienes el MSP establezca y reforzaremos controles\u201d.<\/div>\n<div dir=\"auto\"><\/div>\n<\/div>\n<div class=\"o9v6fnle cxmmr5t8 oygrvhab hcukyx3x c1et5uql ii04i59q\">\n<div dir=\"auto\">Los ciudadanos identificaron a la ciudadana, la cual se tratar\u00eda de la Directora de Comunicaci\u00f3n del HCAM, reprochando la actuaci\u00f3n de la funcionaria, misma que ser\u00eda oriunda de la provincia de Loja.<\/div>\n<\/div>\n","protected":false},"excerpt":{"rendered":"<p>#Ecuador | Funcionarios se vacunaron sin estar en la lista. En redes sociales se denunci\u00f3&#8230;<\/p>\n","protected":false},"author":1,"featured_media":2036,"comment_status":"open","ping_status":"open","sticky":false,"template":"","format":"standard","meta":{"footnotes":""},"categories":[1],"tags":[],"class_list":["post-2035","post","type-post","status-publish","format-standard","has-post-thumbnail","hentry","category-inicio"],"_links":{"self":[{"href":"https:\/\/www.lodelmomentoloja.com\/index.php?rest_route=\/wp\/v2\/posts\/2035"}],"collection":[{"href":"https:\/\/www.lodelmomentoloja.com\/index.php?rest_route=\/wp\/v2\/posts"}],"about":[{"href":"https:\/\/www.lodelmomentoloja.com\/index.php?rest_route=\/wp\/v2\/types\/post"}],"author":[{"embeddable":true,"href":"https:\/\/www.lodelmomentoloja.com\/index.php?rest_route=\/wp\/v2\/users\/1"}],"replies":[{"embeddable":true,"href":"https:\/\/www.lodelmomentoloja.com\/index.php?rest_route=%2Fwp%2Fv2%2Fcomments&post=2035"}],"version-history":[{"count":1,"href":"https:\/\/www.lodelmomentoloja.com\/index.php?rest_route=\/wp\/v2\/posts\/2035\/revisions"}],"predecessor-version":[{"id":2037,"href":"https:\/\/www.lodelmomentoloja.com\/index.php?rest_route=\/wp\/v2\/posts\/2035\/revisions\/2037"}],"wp:featuredmedia":[{"embeddable":true,"href":"https:\/\/www.lodelmomentoloja.com\/index.php?rest_route=\/wp\/v2\/media\/2036"}],"wp:attachment":[{"href":"https:\/\/www.lodelmomentoloja.com\/index.php?rest_route=%2Fwp%2Fv2%2Fmedia&parent=2035"}],"wp:term":[{"taxonomy":"category","embeddable":true,"href":"https:\/\/www.lodelmomentoloja.com\/index.php?rest_route=%2Fwp%2Fv2%2Fcategories&post=2035"},{"taxonomy":"post_tag","embeddable":true,"href":"https:\/\/www.lodelmomentoloja.com\/index.php?rest_route=%2Fwp%2Fv2%2Ftags&post=2035"}],"curies":[{"name":"wp","href":"https:\/\/api.w.org\/{rel}","templated":true}]}}