{"id":20098,"date":"2024-04-10T09:54:52","date_gmt":"2024-04-10T09:54:52","guid":{"rendered":"https:\/\/www.lodelmomentoloja.com\/?p=20098"},"modified":"2024-04-10T15:00:22","modified_gmt":"2024-04-10T15:00:22","slug":"mexico-denunciara-a-ecuador-contra-la-corte-internacional","status":"publish","type":"post","link":"https:\/\/www.lodelmomentoloja.com\/?p=20098","title":{"rendered":"M\u00e9xico denunciar\u00e1 a Ecuador, contra la Corte Internacional."},"content":{"rendered":"<p>\ud83c\uddf2\ud83c\uddfd\ud83d\udc68\ud83c\udffb\u200d\u2696\ufe0f\ud83c\uddea\ud83c\udde8 \u00a1Tensi\u00f3n diplom\u00e1tica! El Presidente de M\u00e9xico, Andr\u00e9s Manuel L\u00f3pez Obrador, anunci\u00f3 que el jueves 11 de abril, su gobierno presentar\u00e1 la denuncia contra Ecuador en la Corte Internacional de justicia por el asalto a su embajada en Quito.<\/p>\n<div style=\"width: 640px;\" class=\"wp-video\"><!--[if lt IE 9]><script>document.createElement('video');<\/script><![endif]-->\n<video class=\"wp-video-shortcode\" id=\"video-20098-1\" width=\"640\" height=\"347\" preload=\"metadata\" controls=\"controls\"><source type=\"video\/mp4\" src=\"http:\/\/www.lodelmomentoloja.com\/wp-content\/uploads\/2024\/04\/VID-20240410-WA0036.mp4?_=1\" \/><a href=\"http:\/\/www.lodelmomentoloja.com\/wp-content\/uploads\/2024\/04\/VID-20240410-WA0036.mp4\">http:\/\/www.lodelmomentoloja.com\/wp-content\/uploads\/2024\/04\/VID-20240410-WA0036.mp4<\/a><\/video><\/div>\n<p>www.lodelmomentoloja.com<br \/>\n#LDMnoticias #lodelmomentolojaLDM<\/p>\n","protected":false},"excerpt":{"rendered":"<p>\ud83c\uddf2\ud83c\uddfd\ud83d\udc68\ud83c\udffb\u200d\u2696\ufe0f\ud83c\uddea\ud83c\udde8 \u00a1Tensi\u00f3n diplom\u00e1tica! El Presidente de M\u00e9xico, Andr\u00e9s Manuel L\u00f3pez Obrador, anunci\u00f3 que el jueves&#8230;<\/p>\n","protected":false},"author":1,"featured_media":20100,"comment_status":"open","ping_status":"open","sticky":false,"template":"","format":"standard","meta":{"footnotes":""},"categories":[7,1,4],"tags":[],"class_list":["post-20098","post","type-post","status-publish","format-standard","has-post-thumbnail","hentry","category-ecuador","category-inicio","category-internacional"],"_links":{"self":[{"href":"https:\/\/www.lodelmomentoloja.com\/index.php?rest_route=\/wp\/v2\/posts\/20098"}],"collection":[{"href":"https:\/\/www.lodelmomentoloja.com\/index.php?rest_route=\/wp\/v2\/posts"}],"about":[{"href":"https:\/\/www.lodelmomentoloja.com\/index.php?rest_route=\/wp\/v2\/types\/post"}],"author":[{"embeddable":true,"href":"https:\/\/www.lodelmomentoloja.com\/index.php?rest_route=\/wp\/v2\/users\/1"}],"replies":[{"embeddable":true,"href":"https:\/\/www.lodelmomentoloja.com\/index.php?rest_route=%2Fwp%2Fv2%2Fcomments&post=20098"}],"version-history":[{"count":1,"href":"https:\/\/www.lodelmomentoloja.com\/index.php?rest_route=\/wp\/v2\/posts\/20098\/revisions"}],"predecessor-version":[{"id":20101,"href":"https:\/\/www.lodelmomentoloja.com\/index.php?rest_route=\/wp\/v2\/posts\/20098\/revisions\/20101"}],"wp:featuredmedia":[{"embeddable":true,"href":"https:\/\/www.lodelmomentoloja.com\/index.php?rest_route=\/wp\/v2\/media\/20100"}],"wp:attachment":[{"href":"https:\/\/www.lodelmomentoloja.com\/index.php?rest_route=%2Fwp%2Fv2%2Fmedia&parent=20098"}],"wp:term":[{"taxonomy":"category","embeddable":true,"href":"https:\/\/www.lodelmomentoloja.com\/index.php?rest_route=%2Fwp%2Fv2%2Fcategories&post=20098"},{"taxonomy":"post_tag","embeddable":true,"href":"https:\/\/www.lodelmomentoloja.com\/index.php?rest_route=%2Fwp%2Fv2%2Ftags&post=20098"}],"curies":[{"name":"wp","href":"https:\/\/api.w.org\/{rel}","templated":true}]}}