{"id":20088,"date":"2024-04-09T14:41:19","date_gmt":"2024-04-09T14:41:19","guid":{"rendered":"https:\/\/www.lodelmomentoloja.com\/?p=20088"},"modified":"2024-04-09T19:42:50","modified_gmt":"2024-04-09T19:42:50","slug":"exmandatarios-rechazan-atentado-contra-embajada-y-asilo-politico-de-mexico-a-glas","status":"publish","type":"post","link":"https:\/\/www.lodelmomentoloja.com\/?p=20088","title":{"rendered":"Exmandatarios rechazan atentado contra Embajada y asilo pol\u00edtico de M\u00e9xico a Glas"},"content":{"rendered":"<p>\ud83d\ude31\ud83d\udcc4\ud83e\udd1d\ud83c\udffb \u00a1Buscan una soluci\u00f3n! Un total de 26 exmandatarios de gobierno y estados, que forman parte de la Iniciativa Democr\u00e1tica de Espa\u00f1a y Las Am\u00e9ricas (IDEA Grupo), firmaron una carta de rechazo por la incursi\u00f3n policial a la Embajada de M\u00e9xico en Quito, asi como tambi\u00e9n, el asilo pol\u00edtico otorgado al exvicepresidente Jorge Glas por parte del gobierno de Manuel L\u00f3pez Obrador. Puesto que &#8220;Contraviene los principios de la Convenci\u00f3n de Viena y del Derecho internacional general&#8221;. Por ello hacen un llamado al di\u00e1logo entre M\u00e9xico y Ecuador.<\/p>\n<p>Dentro de los exmandatarios que firman este documento, se encuentran los ecuatorianos Osvaldo Hurtado, Jamil Mahuad, Lenin Moreno, Lucio Gutierrez y Guillermo Lasso.<\/p>\n<p>www.lodelmomentoloja.com<br \/>\n#LDMnoticias #lodelmomentolojaLDM<\/p>\n","protected":false},"excerpt":{"rendered":"<p>\ud83d\ude31\ud83d\udcc4\ud83e\udd1d\ud83c\udffb \u00a1Buscan una soluci\u00f3n! Un total de 26 exmandatarios de gobierno y estados, que forman&#8230;<\/p>\n","protected":false},"author":1,"featured_media":20089,"comment_status":"open","ping_status":"open","sticky":false,"template":"","format":"standard","meta":{"footnotes":""},"categories":[7,1,4],"tags":[],"class_list":["post-20088","post","type-post","status-publish","format-standard","has-post-thumbnail","hentry","category-ecuador","category-inicio","category-internacional"],"_links":{"self":[{"href":"https:\/\/www.lodelmomentoloja.com\/index.php?rest_route=\/wp\/v2\/posts\/20088"}],"collection":[{"href":"https:\/\/www.lodelmomentoloja.com\/index.php?rest_route=\/wp\/v2\/posts"}],"about":[{"href":"https:\/\/www.lodelmomentoloja.com\/index.php?rest_route=\/wp\/v2\/types\/post"}],"author":[{"embeddable":true,"href":"https:\/\/www.lodelmomentoloja.com\/index.php?rest_route=\/wp\/v2\/users\/1"}],"replies":[{"embeddable":true,"href":"https:\/\/www.lodelmomentoloja.com\/index.php?rest_route=%2Fwp%2Fv2%2Fcomments&post=20088"}],"version-history":[{"count":1,"href":"https:\/\/www.lodelmomentoloja.com\/index.php?rest_route=\/wp\/v2\/posts\/20088\/revisions"}],"predecessor-version":[{"id":20090,"href":"https:\/\/www.lodelmomentoloja.com\/index.php?rest_route=\/wp\/v2\/posts\/20088\/revisions\/20090"}],"wp:featuredmedia":[{"embeddable":true,"href":"https:\/\/www.lodelmomentoloja.com\/index.php?rest_route=\/wp\/v2\/media\/20089"}],"wp:attachment":[{"href":"https:\/\/www.lodelmomentoloja.com\/index.php?rest_route=%2Fwp%2Fv2%2Fmedia&parent=20088"}],"wp:term":[{"taxonomy":"category","embeddable":true,"href":"https:\/\/www.lodelmomentoloja.com\/index.php?rest_route=%2Fwp%2Fv2%2Fcategories&post=20088"},{"taxonomy":"post_tag","embeddable":true,"href":"https:\/\/www.lodelmomentoloja.com\/index.php?rest_route=%2Fwp%2Fv2%2Ftags&post=20088"}],"curies":[{"name":"wp","href":"https:\/\/api.w.org\/{rel}","templated":true}]}}