{"id":20028,"date":"2024-04-03T13:00:23","date_gmt":"2024-04-03T13:00:23","guid":{"rendered":"https:\/\/www.lodelmomentoloja.com\/?p=20028"},"modified":"2024-04-03T20:23:25","modified_gmt":"2024-04-03T20:23:25","slug":"funcionarios-de-la-alcaldia-de-franco-quezada-renunciaron-a-sus-cargos","status":"publish","type":"post","link":"https:\/\/www.lodelmomentoloja.com\/?p=20028","title":{"rendered":"Funcionarios de la alcald\u00eda de Franco Quezada renunciaron a sus cargos."},"content":{"rendered":"<p>La administraci\u00f3n del alcalde de Loja Franco Quezada cada d\u00eda se enfrasca en una situaci\u00f3n preocupante, no solo las malas relaciones con los medios de comunicaci\u00f3n, gremios del Municipio o discrepancias con la mayor\u00eda del cabildo lojano, al interno de su mismo equipo de confianza el descontento forma parte de las aristas que han hecho que algunos funcionarios comiencen a dejar sus cargos, puesto que el com\u00fan denominador, sienten que las decisiones que toma la autoridad traen m\u00e1s problemas que soluciones, tanto a nivel social y pol\u00edtico.<\/p>\n<p>El \u00faltimo y m\u00e1s reciente, fue la renuncia irrevocable al cargo de Dr. Max Ochoa quien durante once meses estuvo como Procurador S\u00edndico del Municipio de Loja, hoy en d\u00eda, dej\u00f3 mediante escrito sentada su salida que a decir del exfuncionario, habr\u00eda sido anticipada a la autoridad cantonal y obedece a acciones de \u00edndole personal, pese a ser conocido que Ochoa ven\u00eda acompa\u00f1ando en el \u00e1mbito jur\u00eddico a Franco Quezada desde que era concejal y vicealcalde de Loja en el periodo 2016-2019.<\/p>\n<p>Pero, Ochoa no es el \u00fanico, varios perfiles de cargos relevantes en direcciones departamentales fueron parte los profesionales que prefirieron renunciar, algunos por discrepancias con el asesor Darwin Avenda\u00f1o y otros, porque simplemente no se daba viabilidad y se le restaba importancia a los planes y propuestas en beneficio de Loja; entre ellos, Alejandro Carpio renunci\u00f3 a la Direcci\u00f3n Administrativa, Orlando S\u00e1nchez a la Direcci\u00f3n de Gesti\u00f3n Ambiental, Carlos Espinoza a la Direcci\u00f3n de Higiene. Sin embargo, lo particular de ellos, fue que de todos los funcionarios de libre remoci\u00f3n son los que m\u00e1s experiencia contaban en el sector p\u00fablico y hasta privado, a diferencia de los que a\u00fan se mantienen en el cargo.<\/p>\n<p>&nbsp;<\/p>\n<h3>\u00bfQu\u00e9 perfiles ten\u00edan los funcionarios que renunciaron a sus cargos con anterioridad?<\/h3>\n<p><strong>Mgtr. Alejandro Carpio &#8211; Direcci\u00f3n Administrativa del Municipio de Loja.<\/strong><\/p>\n<p>Alejandro Carpio, de profesi\u00f3n ingeniero comercial y Mag\u00edster en Gesti\u00f3n del Talento Humano con un diplomado en pol\u00edticas p\u00fablicas, contaba con una experiencia de 12 a\u00f1os de servicio administrativo en el sector p\u00fablico, a su corto periodo de mayo a diciembre, realiz\u00f3 m\u00e1s de 40 acciones transcendentales de la mano de la cooperaci\u00f3n entre lo p\u00fablico-privado que permitieron ahorrar recursos a la instituci\u00f3n, entre ellos est\u00e1n:<\/p>\n<ul>\n<li>Reactivaci\u00f3n y reconstrucci\u00f3n de la piscina del Valle y piscina de Jipiro.<\/li>\n<li>Elaboraci\u00f3n de vestidores y otros servicios de la mec\u00e1nica municipal.<\/li>\n<li>Activaci\u00f3n de la Plaza Cultural del Teatro Bol\u00edvar.<\/li>\n<li>Reactivaci\u00f3n de las piletas de la Paz, la calle Imbabura, de la 24 de mayo, zona militar.<\/li>\n<li>Iluminaci\u00f3n de estructuras: Guitarra y Virgen de Pucar\u00e1, Parque de la puerta de la ciudad.<\/li>\n<li>Iluminaci\u00f3n de las plazas: Parque de la m\u00fasica, plazoleta del pedestal, Parque Central, Plaza San Sebasti\u00e1n, Plaza San Francisco<\/li>\n<li>Arreglo de fachadas y adecentamientos en casas comunales<\/li>\n<li>Y una serie de convenios con empresas: Cafrilosa, Conducir, LojaSystem, Cl\u00ednica Santa Isabel, Coopmego, entre otros.<\/li>\n<\/ul>\n<p>&nbsp;<\/p>\n<p><strong>Ing. Carlos Espinoza &#8211; Direcci\u00f3n de Higiene\u00a0<\/strong><\/p>\n<p>Carlos Espinosa, ingeniero de profesi\u00f3n, cuenta con m\u00e1s de 23 a\u00f1os de experiencia en el sector p\u00fablico, ocupando cargos de relevancia, como: Coordinador de proyectos cofinanciados por la cooperaci\u00f3n internacional; Coordinador Zonal 7 del Ministerio del Ambiente El Oro, Loja y Zamora; Director de Higiene del Municipio de Loja y en varios municipios del pa\u00eds, adem\u00e1s de ser uno de los cabezas en el tema de Gesti\u00f3n Integral de Residuos S\u00f3lidos y Econom\u00eda Circular. En lo privado, como docente y consultor ambiental son las experiencias que formaron al profesional que dej\u00f3 la administraci\u00f3n de Franco Quezada a mediados de abril del presente a\u00f1o.<\/p>\n<p>Entre sus temas m\u00e1s destacados y de complejidad, son:<\/p>\n<ul>\n<li>Integrante de equipos t\u00e9cnicos para obtenci\u00f3n de reconocimientos internacionales y nacionales para la ciudad de Loja.<\/li>\n<li>Presentaci\u00f3n\u00a0 del plan de acci\u00f3n para el sistema de recolecci\u00f3n.<\/li>\n<li>Adquisici\u00f3n de recolectores.<\/li>\n<li>Repotenciaci\u00f3n el nuevo modelo de Gesti\u00f3n modernizado para Loja.<\/li>\n<\/ul>\n<p>&nbsp;<\/p>\n<p><strong>Mgs. Orlando S\u00e1nchez Tapia &#8211; Direcci\u00f3n de Gesti\u00f3n Ambiental.<\/strong><\/p>\n<p>Orlando S\u00e1nchez de profesi\u00f3n ingeniero, cuenta con 21 a\u00f1os de experiencia de ellos, unos 10 a\u00f1os en el Ministerio del Ambiente como responsable de Planificaci\u00f3n y Coordinaci\u00f3n Zonal, Jefe del Parque Nacional Podocarpus y t\u00e9cnico de Calidad Ambiental, tambi\u00e9n se desempe\u00f1aba en su experiencia profesional como consultor Ambiental, consultor para la evaluaci\u00f3n Nacional Forestal, Docente e investigador.<\/p>\n<p>Al frente de la Direcci\u00f3n de Gesti\u00f3n ambiental enfoc\u00f3 su accionar a mejorar la jardiner\u00eda de Loja:<\/p>\n<ul>\n<li>Arreglo de los redondeles de acceso a la ciudad de Loja.<\/li>\n<li>La aprobaci\u00f3n del Plan Anual de Inversiones para la conservaci\u00f3n de las zonas de importancia h\u00eddrica del cant\u00f3n Loja.<\/li>\n<li>Elaborar la propuesta para participar en el premio Verde del BEDE con el proyecto corredores verdes como espacios para la resiliencia al cambio clim\u00e1tico.<\/li>\n<li>Rehabilitaci\u00f3n de varios senderos de zonas rurales y urbana de Loja.<\/li>\n<li>Gestiones para el nuevo relleno sanitario del cant\u00f3n Loja.<\/li>\n<li>Ejecuci\u00f3n de proyectos inmediatos de forestaci\u00f3n y reforestaci\u00f3n de microcuencas con plantas nativas de la zona.<\/li>\n<\/ul>\n<p>Esto, fue un resumen breve de perfiles con alta experiencia decidieron renunciar a la administraci\u00f3n del alcalde Franco Quezada, todos ellos en menos de un a\u00f1o de haber iniciado sus funciones al frente de las dependencias del Municipio de Loja, situaci\u00f3n que se ha venido reflejada en los diferentes problemas que atraviesa la instituci\u00f3n, tanto en el \u00e1rea administrativa, ambiental e higiene del cant\u00f3n Loja.<\/p>\n<p>S\u00edguenos o leer m\u00e1s con LDM: #LDMnoticias \u00f3 #lodelmomentolojaLDM<\/p>\n<p>&nbsp;<\/p>\n<p>&nbsp;<\/p>\n","protected":false},"excerpt":{"rendered":"<p>La administraci\u00f3n del alcalde de Loja Franco Quezada cada d\u00eda se enfrasca en una situaci\u00f3n&#8230;<\/p>\n","protected":false},"author":1,"featured_media":20029,"comment_status":"open","ping_status":"open","sticky":false,"template":"","format":"standard","meta":{"footnotes":""},"categories":[1,5],"tags":[],"class_list":["post-20028","post","type-post","status-publish","format-standard","has-post-thumbnail","hentry","category-inicio","category-loja"],"_links":{"self":[{"href":"https:\/\/www.lodelmomentoloja.com\/index.php?rest_route=\/wp\/v2\/posts\/20028"}],"collection":[{"href":"https:\/\/www.lodelmomentoloja.com\/index.php?rest_route=\/wp\/v2\/posts"}],"about":[{"href":"https:\/\/www.lodelmomentoloja.com\/index.php?rest_route=\/wp\/v2\/types\/post"}],"author":[{"embeddable":true,"href":"https:\/\/www.lodelmomentoloja.com\/index.php?rest_route=\/wp\/v2\/users\/1"}],"replies":[{"embeddable":true,"href":"https:\/\/www.lodelmomentoloja.com\/index.php?rest_route=%2Fwp%2Fv2%2Fcomments&post=20028"}],"version-history":[{"count":1,"href":"https:\/\/www.lodelmomentoloja.com\/index.php?rest_route=\/wp\/v2\/posts\/20028\/revisions"}],"predecessor-version":[{"id":20037,"href":"https:\/\/www.lodelmomentoloja.com\/index.php?rest_route=\/wp\/v2\/posts\/20028\/revisions\/20037"}],"wp:featuredmedia":[{"embeddable":true,"href":"https:\/\/www.lodelmomentoloja.com\/index.php?rest_route=\/wp\/v2\/media\/20029"}],"wp:attachment":[{"href":"https:\/\/www.lodelmomentoloja.com\/index.php?rest_route=%2Fwp%2Fv2%2Fmedia&parent=20028"}],"wp:term":[{"taxonomy":"category","embeddable":true,"href":"https:\/\/www.lodelmomentoloja.com\/index.php?rest_route=%2Fwp%2Fv2%2Fcategories&post=20028"},{"taxonomy":"post_tag","embeddable":true,"href":"https:\/\/www.lodelmomentoloja.com\/index.php?rest_route=%2Fwp%2Fv2%2Ftags&post=20028"}],"curies":[{"name":"wp","href":"https:\/\/api.w.org\/{rel}","templated":true}]}}