{"id":19948,"date":"2024-03-25T11:01:53","date_gmt":"2024-03-25T11:01:53","guid":{"rendered":"https:\/\/www.lodelmomentoloja.com\/?p=19948"},"modified":"2024-03-25T18:03:01","modified_gmt":"2024-03-25T18:03:01","slug":"lojana-compartio-escenario-con-carlos-vives","status":"publish","type":"post","link":"https:\/\/www.lodelmomentoloja.com\/?p=19948","title":{"rendered":"Lojana comparti\u00f3 escenario con Carlos Vives"},"content":{"rendered":"<p>\ud83d\ude31\ud83e\uddd1\ud83c\udffb\u200d\ud83c\udfa4\ud83d\udc4f\ud83c\udffb \u00a1Orgullo lojano! El s\u00e1bado 23 de marzo del 2024, el cantautor Carlos Vives, hizo vibrar a su p\u00fablico en el concierto por el Tour de los 30, que se llev\u00f3 a cabo en el Estadio Serrano Aguilar, de Cuenca, en donde la artista lojana Alejandra Villavicencio, destac\u00f3 como invitada especial del colombiano, para interpretar a duo la ic\u00f3nica canci\u00f3n &#8216;Fruta Fresca&#8217;.<\/p>\n<p><img loading=\"lazy\" decoding=\"async\" class=\"alignnone size-medium wp-image-19949\" src=\"http:\/\/www.lodelmomentoloja.com\/wp-content\/uploads\/2024\/03\/Momentoemotivocon@alemica_4quebewtuvoinvitadaeneltourdelos30@carlosvivesenlaciudaddeCuenca@topshowsec@fm88radioactiva@gisellaheredian@sonymusicec.heic-1-300x199.jpg\" alt=\"\" width=\"300\" height=\"199\" srcset=\"https:\/\/www.lodelmomentoloja.com\/wp-content\/uploads\/2024\/03\/Momentoemotivocon@alemica_4quebewtuvoinvitadaeneltourdelos30@carlosvivesenlaciudaddeCuenca@topshowsec@fm88radioactiva@gisellaheredian@sonymusicec.heic-1-300x199.jpg 300w, https:\/\/www.lodelmomentoloja.com\/wp-content\/uploads\/2024\/03\/Momentoemotivocon@alemica_4quebewtuvoinvitadaeneltourdelos30@carlosvivesenlaciudaddeCuenca@topshowsec@fm88radioactiva@gisellaheredian@sonymusicec.heic-1-1024x681.jpg 1024w, https:\/\/www.lodelmomentoloja.com\/wp-content\/uploads\/2024\/03\/Momentoemotivocon@alemica_4quebewtuvoinvitadaeneltourdelos30@carlosvivesenlaciudaddeCuenca@topshowsec@fm88radioactiva@gisellaheredian@sonymusicec.heic-1-768x511.jpg 768w, https:\/\/www.lodelmomentoloja.com\/wp-content\/uploads\/2024\/03\/Momentoemotivocon@alemica_4quebewtuvoinvitadaeneltourdelos30@carlosvivesenlaciudaddeCuenca@topshowsec@fm88radioactiva@gisellaheredian@sonymusicec.heic-1-640x425.jpg 640w, https:\/\/www.lodelmomentoloja.com\/wp-content\/uploads\/2024\/03\/Momentoemotivocon@alemica_4quebewtuvoinvitadaeneltourdelos30@carlosvivesenlaciudaddeCuenca@topshowsec@fm88radioactiva@gisellaheredian@sonymusicec.heic-1.jpg 1080w\" sizes=\"(max-width: 300px) 100vw, 300px\" \/><\/p>\n<p>\ud83d\udcf8 @juanpicon<br \/>\nwww.lodelmomentoloja.com<br \/>\n#LDMnoticias #lodelmomentolojaLDM<\/p>\n","protected":false},"excerpt":{"rendered":"<p>\ud83d\ude31\ud83e\uddd1\ud83c\udffb\u200d\ud83c\udfa4\ud83d\udc4f\ud83c\udffb \u00a1Orgullo lojano! El s\u00e1bado 23 de marzo del 2024, el cantautor Carlos Vives, hizo&#8230;<\/p>\n","protected":false},"author":1,"featured_media":19950,"comment_status":"open","ping_status":"open","sticky":false,"template":"","format":"standard","meta":{"footnotes":""},"categories":[7,1,5],"tags":[],"class_list":["post-19948","post","type-post","status-publish","format-standard","has-post-thumbnail","hentry","category-ecuador","category-inicio","category-loja"],"_links":{"self":[{"href":"https:\/\/www.lodelmomentoloja.com\/index.php?rest_route=\/wp\/v2\/posts\/19948"}],"collection":[{"href":"https:\/\/www.lodelmomentoloja.com\/index.php?rest_route=\/wp\/v2\/posts"}],"about":[{"href":"https:\/\/www.lodelmomentoloja.com\/index.php?rest_route=\/wp\/v2\/types\/post"}],"author":[{"embeddable":true,"href":"https:\/\/www.lodelmomentoloja.com\/index.php?rest_route=\/wp\/v2\/users\/1"}],"replies":[{"embeddable":true,"href":"https:\/\/www.lodelmomentoloja.com\/index.php?rest_route=%2Fwp%2Fv2%2Fcomments&post=19948"}],"version-history":[{"count":1,"href":"https:\/\/www.lodelmomentoloja.com\/index.php?rest_route=\/wp\/v2\/posts\/19948\/revisions"}],"predecessor-version":[{"id":19951,"href":"https:\/\/www.lodelmomentoloja.com\/index.php?rest_route=\/wp\/v2\/posts\/19948\/revisions\/19951"}],"wp:featuredmedia":[{"embeddable":true,"href":"https:\/\/www.lodelmomentoloja.com\/index.php?rest_route=\/wp\/v2\/media\/19950"}],"wp:attachment":[{"href":"https:\/\/www.lodelmomentoloja.com\/index.php?rest_route=%2Fwp%2Fv2%2Fmedia&parent=19948"}],"wp:term":[{"taxonomy":"category","embeddable":true,"href":"https:\/\/www.lodelmomentoloja.com\/index.php?rest_route=%2Fwp%2Fv2%2Fcategories&post=19948"},{"taxonomy":"post_tag","embeddable":true,"href":"https:\/\/www.lodelmomentoloja.com\/index.php?rest_route=%2Fwp%2Fv2%2Ftags&post=19948"}],"curies":[{"name":"wp","href":"https:\/\/api.w.org\/{rel}","templated":true}]}}