{"id":19839,"date":"2024-03-11T16:30:17","date_gmt":"2024-03-11T16:30:17","guid":{"rendered":"https:\/\/www.lodelmomentoloja.com\/?p=19839"},"modified":"2024-03-11T21:33:10","modified_gmt":"2024-03-11T21:33:10","slug":"mancino-y-davila-se-reunen-con-representantes-del-gobierno","status":"publish","type":"post","link":"https:\/\/www.lodelmomentoloja.com\/?p=19839","title":{"rendered":"Mancino y D\u00e1vila se re\u00fanen con representantes del Gobierno"},"content":{"rendered":"<p>\ud83d\ude12\ud83d\udee3\ufe0f\ud83d\udcb8\u00a1Ahora es hasta gestor! Mientras el Prefecto de Loja, Mario Mancino, viajaba a la capital para mantener reuniones con representantes de carteras de Estado del Gobierno del presidente Noboa, en una reuni\u00f3n bastante particular se pudo ver la presencia del ex prefecto y ahora asamble\u00edsta Rafael D\u00e1vila, espec\u00edficamente, con el Ministro de Transporte y Obras P\u00fablicas, misma que fue recopilada en una fotograf\u00eda y en su encabezado menciona la importancia de abordar la condici\u00f3n en la que se encuentra la red vial estatal y provincial de Loja. Al parecer, D\u00e1vila deja en duda al respecto de la autonom\u00eda de Mancino, ya que en reuniones de tal envergadura, no deja de estar presente. El hecho fue publicado en las redes sociales de la Prefectura de Loja, pero en las redes del legislador D\u00e1vila, ni si quiera hace menci\u00f3n de la misma, pese a la evidencia antes mencionada. \u00bfNo querr\u00e1 que los vean juntos? \u00f3 \u00bfSer\u00e1 el gestor de estas visitas?.<\/p>\n<p><img loading=\"lazy\" decoding=\"async\" class=\"alignnone size-medium wp-image-19840\" src=\"http:\/\/www.lodelmomentoloja.com\/wp-content\/uploads\/2024\/03\/IMG_20240311_160518_122-266x300.webp\" alt=\"\" width=\"266\" height=\"300\" srcset=\"https:\/\/www.lodelmomentoloja.com\/wp-content\/uploads\/2024\/03\/IMG_20240311_160518_122-266x300.webp 266w, https:\/\/www.lodelmomentoloja.com\/wp-content\/uploads\/2024\/03\/IMG_20240311_160518_122-906x1024.webp 906w, https:\/\/www.lodelmomentoloja.com\/wp-content\/uploads\/2024\/03\/IMG_20240311_160518_122-768x868.webp 768w, https:\/\/www.lodelmomentoloja.com\/wp-content\/uploads\/2024\/03\/IMG_20240311_160518_122-640x723.webp 640w, https:\/\/www.lodelmomentoloja.com\/wp-content\/uploads\/2024\/03\/IMG_20240311_160518_122-1359x1536.webp 1359w, https:\/\/www.lodelmomentoloja.com\/wp-content\/uploads\/2024\/03\/IMG_20240311_160518_122-1024x1157.webp 1024w, https:\/\/www.lodelmomentoloja.com\/wp-content\/uploads\/2024\/03\/IMG_20240311_160518_122.webp 1440w\" sizes=\"(max-width: 266px) 100vw, 266px\" \/><\/p>\n<p>www.lodelmomentoloja.com<br \/>\n#LDMnoticias #lodelmomentolojaLDM<\/p>\n","protected":false},"excerpt":{"rendered":"<p>\ud83d\ude12\ud83d\udee3\ufe0f\ud83d\udcb8\u00a1Ahora es hasta gestor! Mientras el Prefecto de Loja, Mario Mancino, viajaba a la capital&#8230;<\/p>\n","protected":false},"author":1,"featured_media":19841,"comment_status":"open","ping_status":"open","sticky":false,"template":"","format":"standard","meta":{"footnotes":""},"categories":[7,1,5],"tags":[],"class_list":["post-19839","post","type-post","status-publish","format-standard","has-post-thumbnail","hentry","category-ecuador","category-inicio","category-loja"],"_links":{"self":[{"href":"https:\/\/www.lodelmomentoloja.com\/index.php?rest_route=\/wp\/v2\/posts\/19839"}],"collection":[{"href":"https:\/\/www.lodelmomentoloja.com\/index.php?rest_route=\/wp\/v2\/posts"}],"about":[{"href":"https:\/\/www.lodelmomentoloja.com\/index.php?rest_route=\/wp\/v2\/types\/post"}],"author":[{"embeddable":true,"href":"https:\/\/www.lodelmomentoloja.com\/index.php?rest_route=\/wp\/v2\/users\/1"}],"replies":[{"embeddable":true,"href":"https:\/\/www.lodelmomentoloja.com\/index.php?rest_route=%2Fwp%2Fv2%2Fcomments&post=19839"}],"version-history":[{"count":1,"href":"https:\/\/www.lodelmomentoloja.com\/index.php?rest_route=\/wp\/v2\/posts\/19839\/revisions"}],"predecessor-version":[{"id":19842,"href":"https:\/\/www.lodelmomentoloja.com\/index.php?rest_route=\/wp\/v2\/posts\/19839\/revisions\/19842"}],"wp:featuredmedia":[{"embeddable":true,"href":"https:\/\/www.lodelmomentoloja.com\/index.php?rest_route=\/wp\/v2\/media\/19841"}],"wp:attachment":[{"href":"https:\/\/www.lodelmomentoloja.com\/index.php?rest_route=%2Fwp%2Fv2%2Fmedia&parent=19839"}],"wp:term":[{"taxonomy":"category","embeddable":true,"href":"https:\/\/www.lodelmomentoloja.com\/index.php?rest_route=%2Fwp%2Fv2%2Fcategories&post=19839"},{"taxonomy":"post_tag","embeddable":true,"href":"https:\/\/www.lodelmomentoloja.com\/index.php?rest_route=%2Fwp%2Fv2%2Ftags&post=19839"}],"curies":[{"name":"wp","href":"https:\/\/api.w.org\/{rel}","templated":true}]}}