{"id":19795,"date":"2024-03-04T16:40:59","date_gmt":"2024-03-04T16:40:59","guid":{"rendered":"https:\/\/www.lodelmomentoloja.com\/?p=19795"},"modified":"2024-03-04T21:43:18","modified_gmt":"2024-03-04T21:43:18","slug":"sesion-de-cabildo-por-contrato-de-simar","status":"publish","type":"post","link":"https:\/\/www.lodelmomentoloja.com\/?p=19795","title":{"rendered":"Sesi\u00f3n de Cabildo por contrato de SIMAR"},"content":{"rendered":"<p>\ud83d\udc77\ud83c\udffb\ud83d\udee3\ufe0f\ud83e\udea4\u00a1De cabildo en corto! El alcalde de Loja ha convocado este martes 5 de marzo 2024 a sesi\u00f3n de cabildo pero con car\u00e1cter reservado, todo esto, por tratar la exposici\u00f3n t\u00e9cnica y jur\u00eddica del contrato de asfaltado de los barrios con la empresa SIMAR. Por otro lado, desde la empresa lojana, pide que se incluya a la parte t\u00e9cnica y jur\u00eddica, ya que solo est\u00e1 contemplada la del Municipio.<\/p>\n<p><img loading=\"lazy\" decoding=\"async\" class=\"alignnone size-medium wp-image-19796\" src=\"http:\/\/www.lodelmomentoloja.com\/wp-content\/uploads\/2024\/03\/IMG_20240304_161019_325-265x300.webp\" alt=\"\" width=\"265\" height=\"300\" srcset=\"https:\/\/www.lodelmomentoloja.com\/wp-content\/uploads\/2024\/03\/IMG_20240304_161019_325-265x300.webp 265w, https:\/\/www.lodelmomentoloja.com\/wp-content\/uploads\/2024\/03\/IMG_20240304_161019_325-906x1024.webp 906w, https:\/\/www.lodelmomentoloja.com\/wp-content\/uploads\/2024\/03\/IMG_20240304_161019_325-768x868.webp 768w, https:\/\/www.lodelmomentoloja.com\/wp-content\/uploads\/2024\/03\/IMG_20240304_161019_325-640x723.webp 640w, https:\/\/www.lodelmomentoloja.com\/wp-content\/uploads\/2024\/03\/IMG_20240304_161019_325-1024x1157.webp 1024w, https:\/\/www.lodelmomentoloja.com\/wp-content\/uploads\/2024\/03\/IMG_20240304_161019_325.webp 1253w\" sizes=\"(max-width: 265px) 100vw, 265px\" \/> <img loading=\"lazy\" decoding=\"async\" class=\"alignnone size-medium wp-image-19797\" src=\"http:\/\/www.lodelmomentoloja.com\/wp-content\/uploads\/2024\/03\/IMG_20240304_161019_272-265x300.webp\" alt=\"\" width=\"265\" height=\"300\" srcset=\"https:\/\/www.lodelmomentoloja.com\/wp-content\/uploads\/2024\/03\/IMG_20240304_161019_272-265x300.webp 265w, https:\/\/www.lodelmomentoloja.com\/wp-content\/uploads\/2024\/03\/IMG_20240304_161019_272-906x1024.webp 906w, https:\/\/www.lodelmomentoloja.com\/wp-content\/uploads\/2024\/03\/IMG_20240304_161019_272-768x868.webp 768w, https:\/\/www.lodelmomentoloja.com\/wp-content\/uploads\/2024\/03\/IMG_20240304_161019_272-640x723.webp 640w, https:\/\/www.lodelmomentoloja.com\/wp-content\/uploads\/2024\/03\/IMG_20240304_161019_272-1024x1157.webp 1024w, https:\/\/www.lodelmomentoloja.com\/wp-content\/uploads\/2024\/03\/IMG_20240304_161019_272.webp 1253w\" sizes=\"(max-width: 265px) 100vw, 265px\" \/> <img loading=\"lazy\" decoding=\"async\" class=\"alignnone size-medium wp-image-19798\" src=\"http:\/\/www.lodelmomentoloja.com\/wp-content\/uploads\/2024\/03\/IMG_20240304_161019_477-265x300.webp\" alt=\"\" width=\"265\" height=\"300\" srcset=\"https:\/\/www.lodelmomentoloja.com\/wp-content\/uploads\/2024\/03\/IMG_20240304_161019_477-265x300.webp 265w, https:\/\/www.lodelmomentoloja.com\/wp-content\/uploads\/2024\/03\/IMG_20240304_161019_477-906x1024.webp 906w, https:\/\/www.lodelmomentoloja.com\/wp-content\/uploads\/2024\/03\/IMG_20240304_161019_477-768x868.webp 768w, https:\/\/www.lodelmomentoloja.com\/wp-content\/uploads\/2024\/03\/IMG_20240304_161019_477-640x723.webp 640w, https:\/\/www.lodelmomentoloja.com\/wp-content\/uploads\/2024\/03\/IMG_20240304_161019_477-1024x1157.webp 1024w, https:\/\/www.lodelmomentoloja.com\/wp-content\/uploads\/2024\/03\/IMG_20240304_161019_477.webp 1253w\" sizes=\"(max-width: 265px) 100vw, 265px\" \/><\/p>\n<p>\u00bfSer\u00e1 que le dan arreglo al tema \u00f3 buscan nuevo contratista? Los ediles esperan ver los resultados y tomar acciones del tema.<\/p>\n<p>www.lodelmomentoloja.com<br \/>\n#LDMnoticias #lodelmomentolojaLDM<\/p>\n","protected":false},"excerpt":{"rendered":"<p>\ud83d\udc77\ud83c\udffb\ud83d\udee3\ufe0f\ud83e\udea4\u00a1De cabildo en corto! El alcalde de Loja ha convocado este martes 5 de marzo&#8230;<\/p>\n","protected":false},"author":1,"featured_media":19799,"comment_status":"open","ping_status":"open","sticky":false,"template":"","format":"standard","meta":{"footnotes":""},"categories":[1,5],"tags":[],"class_list":["post-19795","post","type-post","status-publish","format-standard","has-post-thumbnail","hentry","category-inicio","category-loja"],"_links":{"self":[{"href":"https:\/\/www.lodelmomentoloja.com\/index.php?rest_route=\/wp\/v2\/posts\/19795"}],"collection":[{"href":"https:\/\/www.lodelmomentoloja.com\/index.php?rest_route=\/wp\/v2\/posts"}],"about":[{"href":"https:\/\/www.lodelmomentoloja.com\/index.php?rest_route=\/wp\/v2\/types\/post"}],"author":[{"embeddable":true,"href":"https:\/\/www.lodelmomentoloja.com\/index.php?rest_route=\/wp\/v2\/users\/1"}],"replies":[{"embeddable":true,"href":"https:\/\/www.lodelmomentoloja.com\/index.php?rest_route=%2Fwp%2Fv2%2Fcomments&post=19795"}],"version-history":[{"count":1,"href":"https:\/\/www.lodelmomentoloja.com\/index.php?rest_route=\/wp\/v2\/posts\/19795\/revisions"}],"predecessor-version":[{"id":19800,"href":"https:\/\/www.lodelmomentoloja.com\/index.php?rest_route=\/wp\/v2\/posts\/19795\/revisions\/19800"}],"wp:featuredmedia":[{"embeddable":true,"href":"https:\/\/www.lodelmomentoloja.com\/index.php?rest_route=\/wp\/v2\/media\/19799"}],"wp:attachment":[{"href":"https:\/\/www.lodelmomentoloja.com\/index.php?rest_route=%2Fwp%2Fv2%2Fmedia&parent=19795"}],"wp:term":[{"taxonomy":"category","embeddable":true,"href":"https:\/\/www.lodelmomentoloja.com\/index.php?rest_route=%2Fwp%2Fv2%2Fcategories&post=19795"},{"taxonomy":"post_tag","embeddable":true,"href":"https:\/\/www.lodelmomentoloja.com\/index.php?rest_route=%2Fwp%2Fv2%2Ftags&post=19795"}],"curies":[{"name":"wp","href":"https:\/\/api.w.org\/{rel}","templated":true}]}}