{"id":19773,"date":"2024-02-29T15:52:33","date_gmt":"2024-02-29T15:52:33","guid":{"rendered":"https:\/\/www.lodelmomentoloja.com\/?p=19773"},"modified":"2024-02-29T20:58:23","modified_gmt":"2024-02-29T20:58:23","slug":"19773","status":"publish","type":"post","link":"https:\/\/www.lodelmomentoloja.com\/?p=19773","title":{"rendered":"Gira internacional &#8216;Un Adi\u00f3s sin razones, Roberth Ord\u00f3\u00f1ez (Camilo Sesto ecuatoriano)"},"content":{"rendered":"<p dir=\"ltr\">\ud83d\ude2d\ud83d\udc68\ud83c\udffb\u200d\ud83c\udfa4\ud83e\udec2 \u00a1Adi\u00f3s vaquero! \u201cUn Adi\u00f3s sin razones\u201d as\u00ed se denomina gira de varios conciertos del lojano Robert Ordo\u00f1ez, qui\u00e9n se rob\u00f3 el coraz\u00f3n de toda america latina tras haber ganado el concurso en Chile del programa YO SOY, interpretando al ic\u00f3nico Camilo Sesto.<\/p>\n<p dir=\"ltr\">En medio de una rueda de prensa en la ciudad de Loja, el equipo de producci\u00f3n del artista lojano comunic\u00f3 los detalles de su gira de despedida que tendr\u00e1 como primer evento en Loja, la ciudad natal del cantante, este s\u00e1bado 02 de marzo 2024 en el Teatro Municipal Bol\u00edvar.<\/p>\n<p dir=\"ltr\"><img loading=\"lazy\" decoding=\"async\" class=\"alignnone size-medium wp-image-19775\" src=\"http:\/\/www.lodelmomentoloja.com\/wp-content\/uploads\/2024\/02\/IMG-20240229-WA0063-240x300.jpg\" alt=\"\" width=\"240\" height=\"300\" srcset=\"https:\/\/www.lodelmomentoloja.com\/wp-content\/uploads\/2024\/02\/IMG-20240229-WA0063-240x300.jpg 240w, https:\/\/www.lodelmomentoloja.com\/wp-content\/uploads\/2024\/02\/IMG-20240229-WA0063-819x1024.jpg 819w, https:\/\/www.lodelmomentoloja.com\/wp-content\/uploads\/2024\/02\/IMG-20240229-WA0063-768x960.jpg 768w, https:\/\/www.lodelmomentoloja.com\/wp-content\/uploads\/2024\/02\/IMG-20240229-WA0063-640x800.jpg 640w, https:\/\/www.lodelmomentoloja.com\/wp-content\/uploads\/2024\/02\/IMG-20240229-WA0063-1024x1280.jpg 1024w, https:\/\/www.lodelmomentoloja.com\/wp-content\/uploads\/2024\/02\/IMG-20240229-WA0063.jpg 1080w\" sizes=\"(max-width: 240px) 100vw, 240px\" \/><\/p>\n<p dir=\"ltr\">Wilman Palacios, manager y director musical, invit\u00f3 a la ciudadan\u00eda para que puedan ser part\u00edcipes de las canciones del Camilo Sesto lojano, por otro lado, Robert Ordo\u00f1ez, habl\u00f3 de este evento y a\u00f1adi\u00f3 que el montaje en escena ser\u00e1 de calidad, con la compa\u00f1\u00eda con toda su orquesta y su banda, un evento que estar\u00e1 a la altura de las expectativas de los amantes de la buena m\u00fasica.<\/p>\n<p dir=\"ltr\">El objetivo del int\u00e9rprete de Camilo Sesto junto a la banda de m\u00fasicos netamente lojanos, es recorrer varias partes del Ecuador del mundo en los meses de marzo, abril y mayo, demostrando el talento de la castellana y finalizar con la gira por todo centro Am\u00e9rica.<\/p>\n<p dir=\"ltr\">Algo que puntualiz\u00f3 el lojano, es que el realizar la gira \u201cUn Adi\u00f3s sin razones\u201d es para dejar de lado la imitaci\u00f3n de Camilo Sesto, y dar paso al nuevo artista que va a nacer que es Roberth Ordo\u00f1ez, el cual es un compositor; actualmente, cuenta con sus propias canciones y estas hacen un lineamiento con la balada rom\u00e1ntica, mismas que se han perdido, pero se va a tratar de adaptarse a las nuevas exigencias musicales, destacando que estas se dar\u00e1n a conocer despu\u00e9s de la gira.<\/p>\n<p dir=\"ltr\">La invitaci\u00f3n est\u00e1 hecha, la \u00faltima vez que ver\u00e1n a Roberth Ordo\u00f1ez como Camilo Sesto ser\u00e1 en su gira, que terminar\u00e1 con el legado de un int\u00e9rprete para ser un artista con su propio repertorio que dar\u00e1 nacimiento a una nueva figura en la industria musical del Ecuador y el mundo.<\/p>\n<p dir=\"ltr\">www.lodelmomentoloja.com<br \/>\n#LDMnoticias#lodelmomentolojaLDM<\/p>\n","protected":false},"excerpt":{"rendered":"<p>\ud83d\ude2d\ud83d\udc68\ud83c\udffb\u200d\ud83c\udfa4\ud83e\udec2 \u00a1Adi\u00f3s vaquero! \u201cUn Adi\u00f3s sin razones\u201d as\u00ed se denomina gira de varios conciertos del&#8230;<\/p>\n","protected":false},"author":1,"featured_media":19774,"comment_status":"open","ping_status":"open","sticky":false,"template":"","format":"standard","meta":{"footnotes":""},"categories":[7,1,4],"tags":[],"class_list":["post-19773","post","type-post","status-publish","format-standard","has-post-thumbnail","hentry","category-ecuador","category-inicio","category-internacional"],"_links":{"self":[{"href":"https:\/\/www.lodelmomentoloja.com\/index.php?rest_route=\/wp\/v2\/posts\/19773"}],"collection":[{"href":"https:\/\/www.lodelmomentoloja.com\/index.php?rest_route=\/wp\/v2\/posts"}],"about":[{"href":"https:\/\/www.lodelmomentoloja.com\/index.php?rest_route=\/wp\/v2\/types\/post"}],"author":[{"embeddable":true,"href":"https:\/\/www.lodelmomentoloja.com\/index.php?rest_route=\/wp\/v2\/users\/1"}],"replies":[{"embeddable":true,"href":"https:\/\/www.lodelmomentoloja.com\/index.php?rest_route=%2Fwp%2Fv2%2Fcomments&post=19773"}],"version-history":[{"count":3,"href":"https:\/\/www.lodelmomentoloja.com\/index.php?rest_route=\/wp\/v2\/posts\/19773\/revisions"}],"predecessor-version":[{"id":19778,"href":"https:\/\/www.lodelmomentoloja.com\/index.php?rest_route=\/wp\/v2\/posts\/19773\/revisions\/19778"}],"wp:featuredmedia":[{"embeddable":true,"href":"https:\/\/www.lodelmomentoloja.com\/index.php?rest_route=\/wp\/v2\/media\/19774"}],"wp:attachment":[{"href":"https:\/\/www.lodelmomentoloja.com\/index.php?rest_route=%2Fwp%2Fv2%2Fmedia&parent=19773"}],"wp:term":[{"taxonomy":"category","embeddable":true,"href":"https:\/\/www.lodelmomentoloja.com\/index.php?rest_route=%2Fwp%2Fv2%2Fcategories&post=19773"},{"taxonomy":"post_tag","embeddable":true,"href":"https:\/\/www.lodelmomentoloja.com\/index.php?rest_route=%2Fwp%2Fv2%2Ftags&post=19773"}],"curies":[{"name":"wp","href":"https:\/\/api.w.org\/{rel}","templated":true}]}}