{"id":19742,"date":"2024-02-26T10:55:44","date_gmt":"2024-02-26T10:55:44","guid":{"rendered":"https:\/\/www.lodelmomentoloja.com\/?p=19742"},"modified":"2024-02-26T16:56:46","modified_gmt":"2024-02-26T16:56:46","slug":"comunicadora-lojana-recibe-reconocimiento-internacional-en-cuenca","status":"publish","type":"post","link":"https:\/\/www.lodelmomentoloja.com\/?p=19742","title":{"rendered":"Comunicadora lojana recibe reconocimiento internacional en Cuenca"},"content":{"rendered":"<p dir=\"ltr\">\ud83c\uddea\ud83c\udde8\ud83c\udf96\ufe0f\ud83d\ude4b\ud83c\udffb\u200d\u2640\ufe0f \u00a1En lo alto! La comunicadora lojana con casi 10 a\u00f1os de experiencia, Stefany Pati\u00f1o Espinoza, recibi\u00f3 el reconocimiento como &#8216;L\u00edder ecuatoriana destacada defensora de la equidad de g\u00e9nero y derechos ciudadanos mediante la comunicaci\u00f3n&#8217; en la gala de reconocimientos &#8216;Lady Power Ecuador 2024&#8217;, tras el impacto a nivel nacional, como profesional en el \u00e1mbito comunicacional y voz marca para empresas nacionales e internacionales, adem\u00e1s de los proyectos sociales que se han desarrollado hasta el momento.<\/p>\n<p dir=\"ltr\">Dicha gala que se llev\u00f3 a cabo en la ciudad de Cuenca, reconoci\u00f3 a las mujeres pr\u00f3ceres e ilustres destacadas de Ecuador, en diversas ramas de la ciencia, arte, cultura y talento, a trav\u00e9s de AR. GLOBAL Productions Company New York.<\/p>\n<p dir=\"ltr\"><img loading=\"lazy\" decoding=\"async\" class=\"alignnone size-medium wp-image-19743\" src=\"http:\/\/www.lodelmomentoloja.com\/wp-content\/uploads\/2024\/02\/IMG-20240226-WA0035-222x300.jpg\" alt=\"\" width=\"222\" height=\"300\" srcset=\"https:\/\/www.lodelmomentoloja.com\/wp-content\/uploads\/2024\/02\/IMG-20240226-WA0035-222x300.jpg 222w, https:\/\/www.lodelmomentoloja.com\/wp-content\/uploads\/2024\/02\/IMG-20240226-WA0035-756x1024.jpg 756w, https:\/\/www.lodelmomentoloja.com\/wp-content\/uploads\/2024\/02\/IMG-20240226-WA0035-768x1040.jpg 768w, https:\/\/www.lodelmomentoloja.com\/wp-content\/uploads\/2024\/02\/IMG-20240226-WA0035-640x866.jpg 640w, https:\/\/www.lodelmomentoloja.com\/wp-content\/uploads\/2024\/02\/IMG-20240226-WA0035-1024x1386.jpg 1024w, https:\/\/www.lodelmomentoloja.com\/wp-content\/uploads\/2024\/02\/IMG-20240226-WA0035.jpg 1080w\" sizes=\"(max-width: 222px) 100vw, 222px\" \/><\/p>\n<p dir=\"ltr\">www.lodelmomentoloja.com<br \/>\n#LDMnoticias #lodelmomentolojaLDM<\/p>\n","protected":false},"excerpt":{"rendered":"<p>\ud83c\uddea\ud83c\udde8\ud83c\udf96\ufe0f\ud83d\ude4b\ud83c\udffb\u200d\u2640\ufe0f \u00a1En lo alto! La comunicadora lojana con casi 10 a\u00f1os de experiencia, Stefany Pati\u00f1o&#8230;<\/p>\n","protected":false},"author":1,"featured_media":19744,"comment_status":"open","ping_status":"open","sticky":false,"template":"","format":"standard","meta":{"footnotes":""},"categories":[7,1,4,5],"tags":[],"class_list":["post-19742","post","type-post","status-publish","format-standard","has-post-thumbnail","hentry","category-ecuador","category-inicio","category-internacional","category-loja"],"_links":{"self":[{"href":"https:\/\/www.lodelmomentoloja.com\/index.php?rest_route=\/wp\/v2\/posts\/19742"}],"collection":[{"href":"https:\/\/www.lodelmomentoloja.com\/index.php?rest_route=\/wp\/v2\/posts"}],"about":[{"href":"https:\/\/www.lodelmomentoloja.com\/index.php?rest_route=\/wp\/v2\/types\/post"}],"author":[{"embeddable":true,"href":"https:\/\/www.lodelmomentoloja.com\/index.php?rest_route=\/wp\/v2\/users\/1"}],"replies":[{"embeddable":true,"href":"https:\/\/www.lodelmomentoloja.com\/index.php?rest_route=%2Fwp%2Fv2%2Fcomments&post=19742"}],"version-history":[{"count":1,"href":"https:\/\/www.lodelmomentoloja.com\/index.php?rest_route=\/wp\/v2\/posts\/19742\/revisions"}],"predecessor-version":[{"id":19745,"href":"https:\/\/www.lodelmomentoloja.com\/index.php?rest_route=\/wp\/v2\/posts\/19742\/revisions\/19745"}],"wp:featuredmedia":[{"embeddable":true,"href":"https:\/\/www.lodelmomentoloja.com\/index.php?rest_route=\/wp\/v2\/media\/19744"}],"wp:attachment":[{"href":"https:\/\/www.lodelmomentoloja.com\/index.php?rest_route=%2Fwp%2Fv2%2Fmedia&parent=19742"}],"wp:term":[{"taxonomy":"category","embeddable":true,"href":"https:\/\/www.lodelmomentoloja.com\/index.php?rest_route=%2Fwp%2Fv2%2Fcategories&post=19742"},{"taxonomy":"post_tag","embeddable":true,"href":"https:\/\/www.lodelmomentoloja.com\/index.php?rest_route=%2Fwp%2Fv2%2Ftags&post=19742"}],"curies":[{"name":"wp","href":"https:\/\/api.w.org\/{rel}","templated":true}]}}