{"id":1949,"date":"2021-01-18T19:43:03","date_gmt":"2021-01-18T19:43:03","guid":{"rendered":"http:\/\/www.lodelmomentoloja.com\/?p=1949"},"modified":"2021-01-19T00:46:11","modified_gmt":"2021-01-19T00:46:11","slug":"izquierda-democratica-en-macara","status":"publish","type":"post","link":"https:\/\/www.lodelmomentoloja.com\/?p=1949","title":{"rendered":"Izquierda democr\u00e1tica en Macar\u00e1"},"content":{"rendered":"<div class=\"\" data-block=\"true\" data-editor=\"aipnu\" data-offset-key=\"5kmir-0-0\">\n<div class=\"_1mf _1mj\" data-offset-key=\"5kmir-0-0\"><span class=\"diy96o5h\"><span data-offset-key=\"5kmir-0-0\">#Loja<\/span><\/span><span data-offset-key=\"5kmir-1-0\"> | Luc\u00eda Placencia, primera candidata a asamble\u00edsta por el Partido pol\u00edtico socialdem\u00f3crata Izquierda Democr\u00e1tica visit\u00f3 Macar\u00e1 y a cada una de sus parroquias as\u00ed como el proyecto en estado de abandono del CEBAD y las fuente h\u00eddrica en Mataderos.<\/span><\/div>\n<\/div>\n<div class=\"\" data-block=\"true\" data-editor=\"aipnu\" data-offset-key=\"a2cbv-0-0\">\n<div class=\"_1mf _1mj\" data-offset-key=\"a2cbv-0-0\"><span data-offset-key=\"a2cbv-0-0\">\u00a0<\/span><\/div>\n<\/div>\n<div class=\"\" data-block=\"true\" data-editor=\"aipnu\" data-offset-key=\"8qosn-0-0\">\n<div class=\"_1mf _1mj\" data-offset-key=\"8qosn-0-0\"><span data-offset-key=\"8qosn-0-0\">Su compromiso con Macar\u00e1 es que en las fronteras de nuestra provincias se declare Zona Especial de Desarrollo Econ\u00f3mico para reactivar la econom\u00eda y generar fuentes de ingreso, adem\u00e1s de incentivos tributarios. <\/span><\/div>\n<\/div>\n<div class=\"\" data-block=\"true\" data-editor=\"aipnu\" data-offset-key=\"b8ri7-0-0\">\n<div class=\"_1mf _1mj\" data-offset-key=\"b8ri7-0-0\"><span data-offset-key=\"b8ri7-0-0\">\u00a0<\/span><\/div>\n<\/div>\n<div class=\"\" data-block=\"true\" data-editor=\"aipnu\" data-offset-key=\"15vlu-0-0\">\n<div class=\"_1mf _1mj\" data-offset-key=\"15vlu-0-0\"><span data-offset-key=\"15vlu-0-0\">\u201cMacar\u00e1 no debe ser el \u00faltimo rinc\u00f3n del Ecuador sino el primero. Vamos a reformar la Ley de Desarrollo Fronterizo para que se beneficie toda la provincia de Loja y sus cantones y fiscalizaremos las obras que se encuentran en abandono por gobiernos ineficientes\u201d mencion\u00f3 a la militancia en su recorrido. <\/span><\/div>\n<\/div>\n<div class=\"\" data-block=\"true\" data-editor=\"aipnu\" data-offset-key=\"btp9s-0-0\">\n<div class=\"_1mf _1mj\" data-offset-key=\"btp9s-0-0\"><span data-offset-key=\"btp9s-0-0\">\u00a0<\/span><\/div>\n<\/div>\n<div class=\"\" data-block=\"true\" data-editor=\"aipnu\" data-offset-key=\"eq7q6-0-0\">\n<div class=\"_1mf _1mj\" data-offset-key=\"eq7q6-0-0\"><span data-offset-key=\"eq7q6-0-0\">Se tiene previsto caravanas en cada cant\u00f3n, el d\u00eda s\u00e1bado se inici\u00f3 con gran apoyo en Macar\u00e1.<\/span><\/div>\n<\/div>\n<div class=\"\" data-block=\"true\" data-editor=\"aipnu\" data-offset-key=\"cqp9e-0-0\">\n<div class=\"_1mf _1mj\" data-offset-key=\"cqp9e-0-0\"><span data-offset-key=\"cqp9e-0-0\">\u00a0<\/span><\/div>\n<\/div>\n<div class=\"\" data-block=\"true\" data-editor=\"aipnu\" data-offset-key=\"b3h6q-0-0\">\n<div class=\"_1mf _1mj\" data-offset-key=\"b3h6q-0-0\"><span class=\"py34i1dx\"><span data-offset-key=\"b3h6q-0-0\">www.lodelmomentoloja.com<\/span><\/span><\/div>\n<\/div>\n<div class=\"\" data-block=\"true\" data-editor=\"aipnu\" data-offset-key=\"2o1ju-0-0\">\n<div class=\"_1mf _1mj\" data-offset-key=\"2o1ju-0-0\"><span class=\"diy96o5h\" spellcheck=\"false\" data-offset-key=\"2o1ju-0-0\"><span data-offset-key=\"2o1ju-0-0\">#LDMnoticias<\/span><\/span> <span class=\"diy96o5h\" spellcheck=\"false\" data-offset-key=\"2o1ju-2-0\"><span data-offset-key=\"2o1ju-2-0\">#lodelmomentolojaLDM<\/span><\/span><\/div>\n<\/div>\n","protected":false},"excerpt":{"rendered":"<p>#Loja | Luc\u00eda Placencia, primera candidata a asamble\u00edsta por el Partido pol\u00edtico socialdem\u00f3crata Izquierda Democr\u00e1tica&#8230;<\/p>\n","protected":false},"author":1,"featured_media":1950,"comment_status":"open","ping_status":"open","sticky":false,"template":"","format":"standard","meta":{"footnotes":""},"categories":[1],"tags":[],"class_list":["post-1949","post","type-post","status-publish","format-standard","has-post-thumbnail","hentry","category-inicio"],"_links":{"self":[{"href":"https:\/\/www.lodelmomentoloja.com\/index.php?rest_route=\/wp\/v2\/posts\/1949"}],"collection":[{"href":"https:\/\/www.lodelmomentoloja.com\/index.php?rest_route=\/wp\/v2\/posts"}],"about":[{"href":"https:\/\/www.lodelmomentoloja.com\/index.php?rest_route=\/wp\/v2\/types\/post"}],"author":[{"embeddable":true,"href":"https:\/\/www.lodelmomentoloja.com\/index.php?rest_route=\/wp\/v2\/users\/1"}],"replies":[{"embeddable":true,"href":"https:\/\/www.lodelmomentoloja.com\/index.php?rest_route=%2Fwp%2Fv2%2Fcomments&post=1949"}],"version-history":[{"count":1,"href":"https:\/\/www.lodelmomentoloja.com\/index.php?rest_route=\/wp\/v2\/posts\/1949\/revisions"}],"predecessor-version":[{"id":1951,"href":"https:\/\/www.lodelmomentoloja.com\/index.php?rest_route=\/wp\/v2\/posts\/1949\/revisions\/1951"}],"wp:featuredmedia":[{"embeddable":true,"href":"https:\/\/www.lodelmomentoloja.com\/index.php?rest_route=\/wp\/v2\/media\/1950"}],"wp:attachment":[{"href":"https:\/\/www.lodelmomentoloja.com\/index.php?rest_route=%2Fwp%2Fv2%2Fmedia&parent=1949"}],"wp:term":[{"taxonomy":"category","embeddable":true,"href":"https:\/\/www.lodelmomentoloja.com\/index.php?rest_route=%2Fwp%2Fv2%2Fcategories&post=1949"},{"taxonomy":"post_tag","embeddable":true,"href":"https:\/\/www.lodelmomentoloja.com\/index.php?rest_route=%2Fwp%2Fv2%2Ftags&post=1949"}],"curies":[{"name":"wp","href":"https:\/\/api.w.org\/{rel}","templated":true}]}}